{"id":258,"date":"2011-09-23T20:44:13","date_gmt":"2011-09-23T19:44:13","guid":{"rendered":"http:\/\/blogs.hoy.es\/Juandomingofernandez\/?p=258"},"modified":"2011-09-23T20:44:13","modified_gmt":"2011-09-23T19:44:13","slug":"pillados-en-la-red","status":"publish","type":"post","link":"https:\/\/blogs.hoy.es\/Juandomingofernandez\/2011\/09\/23\/pillados-en-la-red\/","title":{"rendered":"Pillados en la Red"},"content":{"rendered":"<p>EL <em>coitus interruptus<\/em> de los miembros del consejo de administraci\u00f3n de RTVE sobre la cama de la censura previa me\u00a0 recuerda esos motines populares en los que la chispa de una pen\u00faltima injusticia enciende los corazones de la protesta. Tambi\u00e9n me ha recordado el t\u00edtulo de un famoso art\u00edculo de Manuel Vicent, \u2018No pongas tus sucias manos sobre Mozart\u2019. En aquel trabajo, con el que gan\u00f3 el premio C\u00e9sar Gonz\u00e1lez Ruano de periodismo, Vicent recreaba una historia de inter\u00e9s humano antes que pol\u00edtico, pero ese t\u00edtulo me parece que resume el exabrupto al que seguramente recurrieron los profesionales de RTVE al enterarse de los prop\u00f3sitos de su consejo de administraci\u00f3n, uno de esos equipos sancionados ya con la fama inversa del sambenito.<br \/>\nEl consejo de administraci\u00f3n de RTVE ha estado en un tris de consagrar la posibilidad de que los representantes pol\u00edticos metan cuchara en el guiso de los telediarios, como si no fuera suficiente su condici\u00f3n de cr\u00edticos y gourmets que adem\u00e1s quisieran convertirse directamente en cocineros.<br \/>\nSupongo que este acontecimiento, abortado por la rapid\u00edsima y masiva multiplicaci\u00f3n de los comentarios en Twitter y Facebook, acelerar\u00e1 el debate sobre la necesidad de un modelo de medios p\u00fablicos m\u00e1s parecido a la BBC, por ejemplo, que a aquella tele a la gresca de Calvi\u00f1o, Mar\u00eda Antonia Iglesias o Alfredo Urdaci.<br \/>\nNo hay que repasar la historia del periodismo para comprobar que la tendencia del poder a controlar la prensa es un principio tan incontestable como la ley de la gravedad. Ya se sabe: quien posee la informaci\u00f3n tiene el poder. Literalmente. Por eso resulta tan l\u00facida y reveladora la sentencia de Thomas Jefferson, hace m\u00e1s de dos siglos: \u00abSi me fuera dado decidir entre un gobierno sin prensa o una prensa sin gobierno, elegir\u00eda lo \u00faltimo sin vacilar\u00bb.<br \/>\nEntre la avalancha de opiniones y respuestas que ha generado el \u2018error\u2019 y \u2018marcha atr\u00e1s\u2019 del consejo de RTVE, encuentro unas palabras pronunciadas ayer por el Pr\u00edncipe de Asturias: \u00abNo hay democracia sin una prensa libre, cr\u00edtica, rigurosa y responsable\u00bb. Me parece una de esas sentencias que habr\u00eda que poner en el frontispicio de todas las redacciones y&#8230; en los despachos de aquellos responsables pol\u00edticos que han estado moment\u00e1neamente autorizados a la censura previa que supone \u2018meter la cuchara\u2019 en el proceso de elaboraci\u00f3n de las noticias por parte de los periodistas profesionales.<br \/>\nAl final se ha impuesto la sensatez y la responsabilidad. Las aguas vuelven a su cauce, pero reconozco que me quedo con ganas de haber imaginado c\u00f3mo hubiera sido el v\u00e9rtigo de elaborar un informativo, de editar cualquier telediario mientras suenan los telefonazos del mando a distancia para dictarte lo que tienes que decir o dejar de decir y durante cu\u00e1nto tiempo.<br \/>\nUn espect\u00e1culo propio de una pel\u00edcula de ficci\u00f3n o de una sesi\u00f3n de t\u00edteres y marionetas, algo inconcebible en los medios de titularidad p\u00fablica de un pa\u00eds democr\u00e1tico que aspira a tener una prensa libre, critica, rigurosa y responsable. Y unos pol\u00edticos, claro, que no le vayan a la zaga.<\/p>\n<!-- AddThis Advanced Settings generic via filter on the_content --><!-- AddThis Share Buttons generic via filter on the_content -->","protected":false},"excerpt":{"rendered":"<p>EL coitus interruptus de los miembros del consejo de administraci\u00f3n de RTVE sobre la cama de la censura previa me\u00a0 recuerda esos motines populares en los que la chispa de una pen\u00faltima injusticia enciende los corazones de la protesta. Tambi\u00e9n me ha recordado el t\u00edtulo de un famoso art\u00edculo de Manuel Vicent, \u2018No pongas tus [&hellip;]<!-- AddThis Advanced Settings generic via filter on get_the_excerpt --><!-- AddThis Share Buttons generic via filter on get_the_excerpt --><\/p>\n","protected":false},"author":13,"featured_media":0,"comment_status":"open","ping_status":"closed","sticky":false,"template":"","format":"standard","meta":[],"categories":[1],"tags":[214,273,987],"_links":{"self":[{"href":"https:\/\/blogs.hoy.es\/Juandomingofernandez\/wp-json\/wp\/v2\/posts\/258"}],"collection":[{"href":"https:\/\/blogs.hoy.es\/Juandomingofernandez\/wp-json\/wp\/v2\/posts"}],"about":[{"href":"https:\/\/blogs.hoy.es\/Juandomingofernandez\/wp-json\/wp\/v2\/types\/post"}],"author":[{"embeddable":true,"href":"https:\/\/blogs.hoy.es\/Juandomingofernandez\/wp-json\/wp\/v2\/users\/13"}],"replies":[{"embeddable":true,"href":"https:\/\/blogs.hoy.es\/Juandomingofernandez\/wp-json\/wp\/v2\/comments?post=258"}],"version-history":[{"count":0,"href":"https:\/\/blogs.hoy.es\/Juandomingofernandez\/wp-json\/wp\/v2\/posts\/258\/revisions"}],"wp:attachment":[{"href":"https:\/\/blogs.hoy.es\/Juandomingofernandez\/wp-json\/wp\/v2\/media?parent=258"}],"wp:term":[{"taxonomy":"category","embeddable":true,"href":"https:\/\/blogs.hoy.es\/Juandomingofernandez\/wp-json\/wp\/v2\/categories?post=258"},{"taxonomy":"post_tag","embeddable":true,"href":"https:\/\/blogs.hoy.es\/Juandomingofernandez\/wp-json\/wp\/v2\/tags?post=258"}],"curies":[{"name":"wp","href":"https:\/\/api.w.org\/{rel}","templated":true}]}}