{"id":265,"date":"2011-10-07T21:32:09","date_gmt":"2011-10-07T20:32:09","guid":{"rendered":"http:\/\/blogs.hoy.es\/Juandomingofernandez\/?p=265"},"modified":"2011-10-07T21:32:09","modified_gmt":"2011-10-07T20:32:09","slug":"imperecedero-jobs","status":"publish","type":"post","link":"https:\/\/blogs.hoy.es\/Juandomingofernandez\/2011\/10\/07\/imperecedero-jobs\/","title":{"rendered":"\u00bfImperecedero Jobs?"},"content":{"rendered":"<p>La muerte de Steve Jobs, uno de los fundadores de Apple y paradigma del innovador visionario que salta en Estados Unidos desde el reducto de un garaje familiar a la cima de una de las empresas m\u00e1s importantes del universo, pone de actualidad la trayectoria de un hombre que siempre tuvo fe en s\u00ed mismo y coraje suficiente para batallar por sus proyectos. En Internet circula su famoso discurso en la Universidad de Stanford, y se multiplican sus citas como mandamientos de un gur\u00fa posmoderno: \u00abSi vives cada d\u00eda de tu vida como si fuera el \u00faltimo, alg\u00fan d\u00eda realmente tendr\u00e1s raz\u00f3n\u00bb. O este otro:\u00a0 \u00abRecordar que vas a morir es la mejor manera que conozco de evitar la trampa de pensar que tienes algo que perder\u00bb.<br \/>\nHe trabajado m\u00e1s de veinte a\u00f1os con productos de Apple, desde aquellos primeros Mac \u2018cabezones\u2019 hasta las \u00faltimas versiones de los famosos Macintosh. S\u00e9 el valor que tienen sus aportaciones tecnol\u00f3gicas y la penetraci\u00f3n comercial de sus productos, entre otras razones porque \u2013y ah\u00ed me parece que se adivinan las sombras de otros genios\u2013 Apple ha logrado que sean los potenciales usuarios quienes se conviertan, incluso antes de ser \u2018clientes\u2019, en pregoneros y mensajeros que entonan \u2018 hosannas\u2019 y cantan las aleluyas del Ipod, Ipad, Iphone o\u00a0 Icloud por los que pagan fervorosamente lo que estipula la marca de la manzana.<br \/>\nA m\u00ed me parece que hay algo de exceso, de sobreactuaci\u00f3n, de falta de ponderaci\u00f3n en esta inmensa ceremonia de \u2018pla\u00f1iderismo\u2019 retroalimentado por las redes sociales. Creo que la muerte de Steve Jobs est\u00e1 siendo m\u00e1s llorada \u2013considerando las distancias temporales y tecnolog\u00edcas\u2013 que las de Marconi, Fleming, Graham Bell, Ford e incluso Teresa de Calcuta&#8230;<br \/>\nNo quisiera parecer irrespetuoso ni establecer comparaciones imposibles, pero puestos\u00a0 a lamentar\u00a0 una muerte se me ocurre que much\u00edsimos llorar\u00edan antes por ejemplo la desaparici\u00f3n del inventor de la lavadora el\u00e9ctrica (que por cierto, no s\u00e9 qui\u00e9n fue) o la del inventor del marcapasos, ya fallecido, que la del padre de varios \u2018gadgets\u2019 tecnol\u00f3gicos, por muy innovadores y bien aceptados comercialmente que sean.<br \/>\nLeo algunos de los perfiles period\u00edsticos y biogr\u00e1ficos de Steve Jobs y me descubro ante su talento, ante su formidable voluntad, ante lo descomunal de su reto empresarial. Pero todo eso me parece perecedero, con fecha de caducidad. La que suelen fijar el progreso y la inteligencia del hombre.\u00a0 Sin embargo, me deslumbran su car\u00e1cter, y su ejemplo vital, que posiblemente no caducan. Y no s\u00e9 por qu\u00e9, tambi\u00e9n me inspira cierta piedad. \u00bfHa sido feliz?<br \/>\nMe anoto esas frases de Jobs tan recordadas ahora, pero no me olvido de otras, escritas por el poeta latino Marcial hace 20 siglos para hacernos m\u00e1s confortable la vida, que al fin es lo que cuenta:<br \/>\n\u00abDisputa nunca, etiqueta escasa, mente serena, cuerpo saludable, sencillez sabia, amigos que se nos parezcan y hu\u00e9spedes amables, noches sin excesivo vino pero libres de preocupaciones, un lecho ameno, sue\u00f1o que haga breves las tinieblas, que quieras ser lo que eres y no prefieras nada y ni temas ni desees el d\u00eda final\u00bb.<\/p>\n<!-- AddThis Advanced Settings generic via filter on the_content --><!-- AddThis Share Buttons generic via filter on the_content -->","protected":false},"excerpt":{"rendered":"<p>La muerte de Steve Jobs, uno de los fundadores de Apple y paradigma del innovador visionario que salta en Estados Unidos desde el reducto de un garaje familiar a la cima de una de las empresas m\u00e1s importantes del universo, pone de actualidad la trayectoria de un hombre que siempre tuvo fe en s\u00ed mismo [&hellip;]<!-- AddThis Advanced Settings generic via filter on get_the_excerpt --><!-- AddThis Share Buttons generic via filter on get_the_excerpt --><\/p>\n","protected":false},"author":13,"featured_media":0,"comment_status":"open","ping_status":"closed","sticky":false,"template":"","format":"standard","meta":[],"categories":[1],"tags":[381,401,636,807,817,1219],"_links":{"self":[{"href":"https:\/\/blogs.hoy.es\/Juandomingofernandez\/wp-json\/wp\/v2\/posts\/265"}],"collection":[{"href":"https:\/\/blogs.hoy.es\/Juandomingofernandez\/wp-json\/wp\/v2\/posts"}],"about":[{"href":"https:\/\/blogs.hoy.es\/Juandomingofernandez\/wp-json\/wp\/v2\/types\/post"}],"author":[{"embeddable":true,"href":"https:\/\/blogs.hoy.es\/Juandomingofernandez\/wp-json\/wp\/v2\/users\/13"}],"replies":[{"embeddable":true,"href":"https:\/\/blogs.hoy.es\/Juandomingofernandez\/wp-json\/wp\/v2\/comments?post=265"}],"version-history":[{"count":0,"href":"https:\/\/blogs.hoy.es\/Juandomingofernandez\/wp-json\/wp\/v2\/posts\/265\/revisions"}],"wp:attachment":[{"href":"https:\/\/blogs.hoy.es\/Juandomingofernandez\/wp-json\/wp\/v2\/media?parent=265"}],"wp:term":[{"taxonomy":"category","embeddable":true,"href":"https:\/\/blogs.hoy.es\/Juandomingofernandez\/wp-json\/wp\/v2\/categories?post=265"},{"taxonomy":"post_tag","embeddable":true,"href":"https:\/\/blogs.hoy.es\/Juandomingofernandez\/wp-json\/wp\/v2\/tags?post=265"}],"curies":[{"name":"wp","href":"https:\/\/api.w.org\/{rel}","templated":true}]}}