{"id":278,"date":"2011-12-31T12:26:47","date_gmt":"2011-12-31T11:26:47","guid":{"rendered":"http:\/\/blogs.hoy.es\/Juandomingofernandez\/?p=278"},"modified":"2011-12-31T12:26:47","modified_gmt":"2011-12-31T11:26:47","slug":"pios-deseos-para-2012","status":"publish","type":"post","link":"https:\/\/blogs.hoy.es\/Juandomingofernandez\/2011\/12\/31\/pios-deseos-para-2012\/","title":{"rendered":"P\u00edos deseos para 2012"},"content":{"rendered":"<p>Llegados a este precipicio del calendario, a este acantilado donde el a\u00f1o dobla la esquina y metaf\u00f3ricamente dobla hasta la testuz, no queda otro remedio que incurrir en el balance, pero tambi\u00e9n en la esperanza. Es tiempo de recuentos. De sopesar lo bueno y lo malo, de separar la paja del trigo. Tiempo de examen de conciencia. Nadie se libra de los balances. Los acometen las empresas, los pol\u00edticos, los medios de comunicaci\u00f3n y hasta una instituci\u00f3n como la Iglesia Cat\u00f3lica, que acaba de reunir en su bolet\u00edn \u2018Religi\u00f3n Confidencial \u2018Las 10 noticias m\u00e1s importantes del 2011\u2019.<br \/>\nA m\u00ed por estas fechas me domina casi siempre una sensaci\u00f3n de melancol\u00eda que no creo, por cierto, que se disuelva acudiendo al concierto de Aute esta noche en C\u00e1ceres. Ya s\u00e9 que Aute no es Faemino y Cansado, ni se le puede comparar en justicia con unas casta\u00f1uelas. Tampoco cultiva la melancol\u00eda algo canalla y \u2018acomodada\u2019 de Joaqu\u00edn Sabina, pero digamos que sus canciones forman parte de mi educaci\u00f3n sentimental desde aquellos a\u00f1os de adolescente en los que, como todos los j\u00f3venes, estaba dispuesto a llevarme la vida por delante, que dec\u00eda Jaime Gil de Biedma.<br \/>\nAhora que lo pienso, Gil de Biedma s\u00ed que es un poeta de balances y postrimer\u00edas. \u00bfQui\u00e9n no se ha emocionado alguna vez con esa mirada hacia atr\u00e1s sin ira y sin demasiado \u00edmpetu que atesoran los versos de su famos\u00edsimo poema \u2018<a href=\"http:\/\/www.poemasde.net\/de-vita-beata-jaime-gil-de-biedma\/\">De vita beata<\/a>\u2019:<br \/>\n\u00abEn un viejo pa\u00eds ineficiente<br \/>\nalgo as\u00ed como Espa\u00f1a entre dos guerras<br \/>\nciviles, en un pueblo junto al mar,<br \/>\nposeer una casa y poca hacienda\u00bb&#8230;<\/p>\n<p>\u00bfQui\u00e9n no ha sentido la necesidad del recuento, del balance, del examen introspectivo que formula en \u2018<a href=\"http:\/\/amediavoz.com\/gildebiedma.htm#P%C3%8DOS%20DESEOS%20PARA%20EMPEZAR%20EL%20A%C3%91O\">P\u00edos deseos para empezar el a\u00f1o<\/a>\u2019:<br \/>\n\u00abPasada ya la cumbre de la vida,<br \/>\njusto del otro lado, yo contemplo<br \/>\nun paisaje no exento de belleza<br \/>\nen los d\u00edas de sol, pero en invierno inh\u00f3spito\u00bb&#8230;<br \/>\nEn fin, que est\u00e1 muy bien y es muy tradicional detenerse a revisar y hacer balance, pero quiz\u00e1s haya que darle prioridad a la esperanza. Es imposible no perderse en la selva de la vida sin saber qu\u00e9 ruta seguimos o qu\u00e9 frutos cosechamos. Pero adem\u00e1s del recuento son imprescindibles los planes de futuro. \u00abEl sue\u00f1o y la esperanza son los dos calmantes que concede la naturaleza al hombre\u00bb, advirti\u00f3 sabiamente Federico II de Prusia. En el borde final del 2011 necesitamos saber que al menos nos queda la esperanza. Entre otras razones, porque la memoria siempre nos supera en edad y la esperanza va delante de nosotros como una luz, no como una sombra. A la hora de formular peticiones, que cada cual rellene a su antojo el cuestionario y le escriba a los Reyes Magos la carta con los obsequios que espera recibir. Seguro que tras soportar el tsunami de la crisis y el azote de las negras perspectivas, encontramos resquicios en los que afianzar una mirada esperanzada, asideros en los que fijar el cable que mantenga nuestro barco amarrado a tierra firme. Porque siempre escampa, porque antes perder la vida que la esperanza, y un paso atr\u00e1s, ni para coger impulso.<\/p>\n<!-- AddThis Advanced Settings generic via filter on the_content --><!-- AddThis Share Buttons generic via filter on the_content -->","protected":false},"excerpt":{"rendered":"<p>Llegados a este precipicio del calendario, a este acantilado donde el a\u00f1o dobla la esquina y metaf\u00f3ricamente dobla hasta la testuz, no queda otro remedio que incurrir en el balance, pero tambi\u00e9n en la esperanza. Es tiempo de recuentos. De sopesar lo bueno y lo malo, de separar la paja del trigo. Tiempo de examen [&hellip;]<!-- AddThis Advanced Settings generic via filter on get_the_excerpt --><!-- AddThis Share Buttons generic via filter on get_the_excerpt --><\/p>\n","protected":false},"author":13,"featured_media":0,"comment_status":"open","ping_status":"closed","sticky":false,"template":"","format":"standard","meta":[],"categories":[1],"tags":[114,427,656],"_links":{"self":[{"href":"https:\/\/blogs.hoy.es\/Juandomingofernandez\/wp-json\/wp\/v2\/posts\/278"}],"collection":[{"href":"https:\/\/blogs.hoy.es\/Juandomingofernandez\/wp-json\/wp\/v2\/posts"}],"about":[{"href":"https:\/\/blogs.hoy.es\/Juandomingofernandez\/wp-json\/wp\/v2\/types\/post"}],"author":[{"embeddable":true,"href":"https:\/\/blogs.hoy.es\/Juandomingofernandez\/wp-json\/wp\/v2\/users\/13"}],"replies":[{"embeddable":true,"href":"https:\/\/blogs.hoy.es\/Juandomingofernandez\/wp-json\/wp\/v2\/comments?post=278"}],"version-history":[{"count":0,"href":"https:\/\/blogs.hoy.es\/Juandomingofernandez\/wp-json\/wp\/v2\/posts\/278\/revisions"}],"wp:attachment":[{"href":"https:\/\/blogs.hoy.es\/Juandomingofernandez\/wp-json\/wp\/v2\/media?parent=278"}],"wp:term":[{"taxonomy":"category","embeddable":true,"href":"https:\/\/blogs.hoy.es\/Juandomingofernandez\/wp-json\/wp\/v2\/categories?post=278"},{"taxonomy":"post_tag","embeddable":true,"href":"https:\/\/blogs.hoy.es\/Juandomingofernandez\/wp-json\/wp\/v2\/tags?post=278"}],"curies":[{"name":"wp","href":"https:\/\/api.w.org\/{rel}","templated":true}]}}