{"id":295,"date":"2012-03-09T23:02:15","date_gmt":"2012-03-09T22:02:15","guid":{"rendered":"http:\/\/blogs.hoy.es\/Juandomingofernandez\/?p=295"},"modified":"2012-03-09T23:02:15","modified_gmt":"2012-03-09T22:02:15","slug":"nuestro-98-en-2012","status":"publish","type":"post","link":"https:\/\/blogs.hoy.es\/Juandomingofernandez\/2012\/03\/09\/nuestro-98-en-2012\/","title":{"rendered":"Nuestro 98 en 2012"},"content":{"rendered":"<p>Espa\u00f1a culmin\u00f3 el siglo XIX con una crisis de caballo que sirvi\u00f3 de catarsis a los escritores de la Generaci\u00f3n del 98. La p\u00e9rdida de las \u00faltimas colonias, Cuba, Filipinas y Puerto Rico, puso a la naci\u00f3n ante un espejo que no devolvi\u00f3 la imagen de Blancanieves, sino el feo rostro de la madrastra.<br \/>\nEsas pen\u00faltimas derrotas confirmaron que del imperio donde nunca se pon\u00eda el sol solo quedaban andrajos y una sensaci\u00f3n generalizada de pesimismo. La reacci\u00f3n de los escritores del 98 es una b\u00fasqueda de las \u2018esencias\u2019 del alma espa\u00f1ola y de los valores, digamos que m\u00e1s intemporales, del solar patrio. Varios de ellos creyeron descubrir tales esencias en el esp\u00edritu y sencillez de Castilla, en aquellos paisajes humildes, abiertos, de una autenticidad que casa muy bien con los personajes de El Greco y los versos de Jorge Manrique, de unas esencias que percib\u00edan tambi\u00e9n en la mirada inquisitiva, dolorida y apasionada de Mariano Jos\u00e9 de Larra.<br \/>\nEn fin, aquel \u2018enrocamiento\u2019 que incluy\u00f3 una cierta aproximaci\u00f3n a los valores de Europa (a pesar del confuso \u00abque inventen ellos\u00bb de Unamuno) convivi\u00f3 con las ideas regeneracionistas de Costa y los krausistas y representaba en \u00faltima instancia una rebeli\u00f3n contra el descomunal desmoronamiento de finales del siglo XIX.<br \/>\nDe una manera o de otra, los intelectuales de la \u00e9poca tomaron posici\u00f3n ante la crisis, ante el fin de fiesta y reaccionaron para mitigar el atraso del pa\u00eds. En Espa\u00f1a llevamos unos a\u00f1os con el tel\u00f3n bajado y hasta la orquesta ha abandonado el recinto del baile, pero no diviso por el horizonte ning\u00fan intelectual que ofrezca sus propuestas para transitar por el desierto, para abandonar el laberinto.<br \/>\n\u00bfQu\u00e9 cantan los poetas andaluces de ahora? se preguntaba Alberti hace a\u00f1os, cuando le parec\u00eda atronador , o poco\u00a0 \u2018comprometido\u2019, el silencio de sus colegas m\u00e1s j\u00f3venes&#8230; \u00bfQu\u00e9 dicen los intelectuales espa\u00f1oles de ahora? \u00bfO es que no hay intelectuales en el sentido que lo fueron muchos de los hombres de la Generaci\u00f3n del 98 y otros de sus coet\u00e1neos? Hace un par de semanas el profesor Senabre, gran impulsor de la Facultad de Filosof\u00eda y Letras de la Universidad de Extremadura, subrayaba en una entrevista publicada en HOY esa carencia. Echaba de menos \u00abfiguras de referencia a las que volver la vista\u00bb.<br \/>\nComo ahora, la crisis del 98 no se limit\u00f3 a la p\u00e9rdida de unas colonias y de sus correspondientes despensas&#8230; No fue tan solo una crisis econ\u00f3mica, sino de un sistema, de una manera de entender el mundo que dec\u00eda adi\u00f3s definitivamente. Es verdad que en nuestros d\u00edas se han democratizado los canales de informaci\u00f3n y de opini\u00f3n, la sociedad, m\u00e1s abierta, m\u00e1s democr\u00e1tica y m\u00e1s plural, no reclama como hace un siglo la palabra de unos pocos doctos con prestigio. Creo que todo el debate se ha dejado en manos de los pol\u00edticos, y tampoco es eso. Si la guerra es algo demasiado serio para dejarla en manos de los militares, como pensaba Clemenceau, me parece que la crisis es algo demasiado serio para dejarla en manos de los pol\u00edticos. \u00bfD\u00f3nde est\u00e1n los intelectuales de 2012? \u00bfHay alguien ah\u00ed?<\/p>\n<!-- AddThis Advanced Settings generic via filter on the_content --><!-- AddThis Share Buttons generic via filter on the_content -->","protected":false},"excerpt":{"rendered":"<p>Espa\u00f1a culmin\u00f3 el siglo XIX con una crisis de caballo que sirvi\u00f3 de catarsis a los escritores de la Generaci\u00f3n del 98. La p\u00e9rdida de las \u00faltimas colonias, Cuba, Filipinas y Puerto Rico, puso a la naci\u00f3n ante un espejo que no devolvi\u00f3 la imagen de Blancanieves, sino el feo rostro de la madrastra. Esas [&hellip;]<!-- AddThis Advanced Settings generic via filter on get_the_excerpt --><!-- AddThis Share Buttons generic via filter on get_the_excerpt --><\/p>\n","protected":false},"author":13,"featured_media":0,"comment_status":"open","ping_status":"closed","sticky":false,"template":"","format":"standard","meta":[],"categories":[1],"tags":[43,245,296,529,991,1172],"_links":{"self":[{"href":"https:\/\/blogs.hoy.es\/Juandomingofernandez\/wp-json\/wp\/v2\/posts\/295"}],"collection":[{"href":"https:\/\/blogs.hoy.es\/Juandomingofernandez\/wp-json\/wp\/v2\/posts"}],"about":[{"href":"https:\/\/blogs.hoy.es\/Juandomingofernandez\/wp-json\/wp\/v2\/types\/post"}],"author":[{"embeddable":true,"href":"https:\/\/blogs.hoy.es\/Juandomingofernandez\/wp-json\/wp\/v2\/users\/13"}],"replies":[{"embeddable":true,"href":"https:\/\/blogs.hoy.es\/Juandomingofernandez\/wp-json\/wp\/v2\/comments?post=295"}],"version-history":[{"count":0,"href":"https:\/\/blogs.hoy.es\/Juandomingofernandez\/wp-json\/wp\/v2\/posts\/295\/revisions"}],"wp:attachment":[{"href":"https:\/\/blogs.hoy.es\/Juandomingofernandez\/wp-json\/wp\/v2\/media?parent=295"}],"wp:term":[{"taxonomy":"category","embeddable":true,"href":"https:\/\/blogs.hoy.es\/Juandomingofernandez\/wp-json\/wp\/v2\/categories?post=295"},{"taxonomy":"post_tag","embeddable":true,"href":"https:\/\/blogs.hoy.es\/Juandomingofernandez\/wp-json\/wp\/v2\/tags?post=295"}],"curies":[{"name":"wp","href":"https:\/\/api.w.org\/{rel}","templated":true}]}}