{"id":30,"date":"2006-02-16T00:28:26","date_gmt":"2006-02-16T00:28:26","guid":{"rendered":"http:\/\/blogs.hoy.es\/Juandomingofernandez\/?p=30"},"modified":"2006-02-16T00:28:26","modified_gmt":"2006-02-16T00:28:26","slug":"reclutado","status":"publish","type":"post","link":"https:\/\/blogs.hoy.es\/Juandomingofernandez\/2006\/02\/16\/reclutado\/","title":{"rendered":"Reclutado"},"content":{"rendered":"<p><P class=MsoNormal style=\"MARGIN: 0cm 0cm 0pt\"><SPAN lang=ES-TRAD><FONT face=\"Times New Roman\" size=4>Confieso que antes de la democracia, una de las virtudes que no me adornaban es la del esp\u00edritu militar, aunque me toc\u00f3 hacer la &#8216;mili&#8217; como a la mayor\u00eda de los varones espa\u00f1oles. Con Franco vivo, la &#8216;Revoluci\u00f3n de los Claveles&#8217; a la vuelta de la esquina y la &#8216;Marcha Verde&#8217; poniendo en un brete a la naci\u00f3n y al r\u00e9gimen, la &#8216;mili&#8217; era para m\u00ed un tr\u00e1mite algo enojoso e inevitable que trataba de sobrellevar en el Cuartel Infanta Isabel de C\u00e1ceres de la mejor manera posible. Hasta cierto d\u00eda en que, por razones estrat\u00e9gicas o de Estado que a m\u00ed se me ocultaban, alguien decidi\u00f3 que hac\u00edan falta cabos y que yo era uno de los aspirantes elegidos para ese empleo. <\/FONT><\/SPAN><\/P><P class=MsoNormal style=\"MARGIN: 0cm 0cm 0pt\"><SPAN lang=ES-TRAD><FONT face=\"Times New Roman\" size=4>\u00bfPor qu\u00e9 a m\u00ed? Nadie, salvo el teniente Lechuga, aventur\u00f3 una respuesta. Ese joven oficial (salido de la Academia Militar, no reenganchado) aludi\u00f3 a no s\u00e9 qu\u00e9 test psicot\u00e9cnicos, a quienes ten\u00edan estudios universitarios&#8230; y poco m\u00e1s. <\/FONT><\/SPAN><\/P><P class=MsoNormal style=\"MARGIN: 0cm 0cm 0pt\"><SPAN lang=ES-TRAD><FONT face=\"Times New Roman\" size=4>Transcurrieron los d\u00edas y fui requerido para hacer el curso de cabo. Como yo ve\u00eda en el teniente Lechuga a una persona accesible y &#8216;dialogante&#8217;, intent\u00e9 &#8216;negociar&#8217; con \u00e9l asegur\u00e1ndole que yo me preparaba para el curso, pero a cambio \u00e9l me dejaba las tardes para poder asistir a clase en Filosof\u00eda y Letras. Dijo que no. <\/FONT><\/SPAN><\/P><P class=MsoNormal style=\"MARGIN: 0cm 0cm 0pt\"><SPAN lang=ES-TRAD><FONT face=\"Times New Roman\" size=4>Pero no me rend\u00ed. Unos veteranos me hablaron de no s\u00e9 qu\u00e9 normativa militar que imped\u00eda ascender a un empleo superior en contra de la voluntad del interesado. Memoric\u00e9 el art\u00edculo y fui de nuevo a hablar con Lechuga. Argument\u00e9 lo de la normativa que me amparaba pero enseguida percib\u00ed que algo iba mal en la escena porque la expresi\u00f3n de su rostro pas\u00f3 de la sorpresa a la indignaci\u00f3n. Hasta que explot\u00f3:<\/FONT><\/SPAN><\/P><P class=MsoNormal style=\"MARGIN: 0cm 0cm 0pt\"><SPAN lang=ES-TRAD><FONT face=\"Times New Roman\" size=4>?\u00bfArt\u00edculo, art\u00edculo&#8230;? \u00a1Olv\u00eddate, t\u00fa vas a ser cabo porque me sale a m\u00ed de los cojones!<\/FONT><\/SPAN><\/P><P class=MsoNormal style=\"MARGIN: 0cm 0cm 0pt\"><SPAN lang=ES-TRAD><FONT face=\"Times New Roman\" size=4>?A sus \u00f3rdenes, mi teniente -fue lo \u00fanico que acert\u00e9 a decir. Y desde aquel d\u00eda, hasta el fin de la &#8216;mili&#8217; obligatoria, no volv\u00ed a preguntarme qu\u00e9 era eso del esp\u00edritu militar.<\/FONT><\/SPAN><\/P><\/p>\n<!-- AddThis Advanced Settings generic via filter on the_content --><!-- AddThis Share Buttons generic via filter on the_content -->","protected":false},"excerpt":{"rendered":"<p>Confieso que antes de la democracia, una de las virtudes que no me adornaban es la del esp\u00edritu militar, aunque me toc\u00f3 hacer la &#8216;mili&#8217; como a la mayor\u00eda de los varones espa\u00f1oles. Con Franco vivo, la &#8216;Revoluci\u00f3n de los Claveles&#8217; a la vuelta de la esquina y la &#8216;Marcha Verde&#8217; poniendo en un brete [&hellip;]<!-- AddThis Advanced Settings generic via filter on get_the_excerpt --><!-- AddThis Share Buttons generic via filter on get_the_excerpt --><\/p>\n","protected":false},"author":13,"featured_media":0,"comment_status":"open","ping_status":"closed","sticky":false,"template":"","format":"standard","meta":[],"categories":[2],"tags":[],"_links":{"self":[{"href":"https:\/\/blogs.hoy.es\/Juandomingofernandez\/wp-json\/wp\/v2\/posts\/30"}],"collection":[{"href":"https:\/\/blogs.hoy.es\/Juandomingofernandez\/wp-json\/wp\/v2\/posts"}],"about":[{"href":"https:\/\/blogs.hoy.es\/Juandomingofernandez\/wp-json\/wp\/v2\/types\/post"}],"author":[{"embeddable":true,"href":"https:\/\/blogs.hoy.es\/Juandomingofernandez\/wp-json\/wp\/v2\/users\/13"}],"replies":[{"embeddable":true,"href":"https:\/\/blogs.hoy.es\/Juandomingofernandez\/wp-json\/wp\/v2\/comments?post=30"}],"version-history":[{"count":0,"href":"https:\/\/blogs.hoy.es\/Juandomingofernandez\/wp-json\/wp\/v2\/posts\/30\/revisions"}],"wp:attachment":[{"href":"https:\/\/blogs.hoy.es\/Juandomingofernandez\/wp-json\/wp\/v2\/media?parent=30"}],"wp:term":[{"taxonomy":"category","embeddable":true,"href":"https:\/\/blogs.hoy.es\/Juandomingofernandez\/wp-json\/wp\/v2\/categories?post=30"},{"taxonomy":"post_tag","embeddable":true,"href":"https:\/\/blogs.hoy.es\/Juandomingofernandez\/wp-json\/wp\/v2\/tags?post=30"}],"curies":[{"name":"wp","href":"https:\/\/api.w.org\/{rel}","templated":true}]}}