{"id":304,"date":"2012-04-06T13:26:02","date_gmt":"2012-04-06T12:26:02","guid":{"rendered":"http:\/\/blogs.hoy.es\/Juandomingofernandez\/?p=304"},"modified":"2012-04-06T13:26:02","modified_gmt":"2012-04-06T12:26:02","slug":"la-memoria-selectiva","status":"publish","type":"post","link":"https:\/\/blogs.hoy.es\/Juandomingofernandez\/2012\/04\/06\/la-memoria-selectiva\/","title":{"rendered":"La memoria selectiva"},"content":{"rendered":"<p>La memoria es selectiva porque va ligada a nuestras emociones. Recordamos lo que nos importa, lo que es trascendente, al margen de que esa trascendencia pueda considerarse del todo balad\u00ed o el trance m\u00e1s relevante del resto de nuestra vida. Recordamos por ejemplo el primer beso de amor, partidas interminables de p\u00f3ker con los amigos o el temblor, perfumado de ternura, al sostener entre los brazos al hijo reci\u00e9n nacido.<br \/>\nEs posible que la voracidad del olvido convierta en arena esos instantes en que decidimos optar por una carrera y no por otra; en que nos dejamos robar el mes de abril o en que recibimos, al contrario, el regalo milagroso de una persona insustituible. La memoria es selectiva y enmarca los recuerdos seg\u00fan la fuerza con que llegaron a nuestro coraz\u00f3n, pero no los ordena jer\u00e1rquicamente. Quiero decir que, como en la canci\u00f3n de Jos\u00e9 Alfredo Jim\u00e9nez, las emociones no entienden \u00abesas cosas de las clases sociales\u00bb y no hay manera de regularlas, de lograr que funcionen igual que las piezas de un robot.<br \/>\nNo recordamos por ejemplo qu\u00e9 fat\u00eddica conjunci\u00f3n de circunstancias nos empuj\u00f3 a suscribir una hipoteca que maldecimos con la puntualidad de sus cuotas pero recordamos hasta en el m\u00ednimo detalle aquel largu\u00edsimo paseo por la playa, perdiendo el tiempo y ri\u00e9ndonos igual que adolescentes bajo la lluvia. Quiz\u00e1s hemos olvidado asuntos tan relevantes como el momento preciso en que gan\u00f3 las elecciones de nuestros sue\u00f1os la edad del DNI y no la del coraz\u00f3n, pero no se nos borran las im\u00e1genes de Pedja Mijatovic, montenegrino, 29 a\u00f1os, d\u00e1ndole al Real Madrid con un gol de \u00e1ngulo imposible la s\u00e9ptima Copa de Europa.<br \/>\nDe todos los dibujos y chistes de Antonio Mingote recuerdo especialmente uno. Eran los a\u00f1os tenebrosos de la ignominia en el Pa\u00eds Vasco, cuando los asesinatos se suced\u00edan ante mucha gente que callaba o volv\u00eda la cabeza parapetada en esa infamia de \u00absi los matan, algo habr\u00edan hecho&#8230;\u00bb. En el dibujo aparec\u00eda un hombre tendido en el suelo, muerto, al que acababan de disparar. Junto a \u00e9l un ni\u00f1o de pocos a\u00f1os que exclama: \u00ab\u00a1Han matado a mi pap\u00e1, han matado a mi pap\u00e1!\u00bb. Contemplando la escena, dos personas con sus txapelas y uno de ellos le dice al otro: \u00abF\u00edjate t\u00fa, tan peque\u00f1o y ya chivato\u00bb. \u00a0 \u00a0<br \/>\nPor encima de otras muchas vi\u00f1etas de Mingote, cargadas de humor parad\u00f3jico o de iron\u00eda costumbrista, en mi memoria perdura el tremendo alegato contra la barbarie de aquel dibujo del cr\u00edo y el padre muerto, aquella instant\u00e1nea de actualidad con la que nos recordaba, en el fondo, que el emperador est\u00e1 desnudo y que \u00abla banalidad del mal\u00bb que describi\u00f3 Hannah Arendt para referirse al pensamiento y la forma de actuar de los nazis, es un virus contra el que no se han vacunado muchas sociedades. \u00a0 \u00a0<br \/>\n\u00danicamente con ese dibujo Mingote se hubiera ganado un trono en el espacio reservado a los justos. Lo que me sorprende ahora no es el un\u00e1nime reconocimiento a su condici\u00f3n de \u2018intelectual\u2019 infatigable, sino c\u00f3mo logr\u00f3, en un pa\u00eds tan proclive al exceso y al desvar\u00edo, conservar intacto, indemne, la bonhom\u00eda de su humor, de su inteligencia y de su piedad.<\/p>\n<!-- AddThis Advanced Settings generic via filter on the_content --><!-- AddThis Share Buttons generic via filter on the_content -->","protected":false},"excerpt":{"rendered":"<p>La memoria es selectiva porque va ligada a nuestras emociones. Recordamos lo que nos importa, lo que es trascendente, al margen de que esa trascendencia pueda considerarse del todo balad\u00ed o el trance m\u00e1s relevante del resto de nuestra vida. Recordamos por ejemplo el primer beso de amor, partidas interminables de p\u00f3ker con los amigos [&hellip;]<!-- AddThis Advanced Settings generic via filter on get_the_excerpt --><!-- AddThis Share Buttons generic via filter on get_the_excerpt --><\/p>\n","protected":false},"author":13,"featured_media":0,"comment_status":"open","ping_status":"closed","sticky":false,"template":"","format":"standard","meta":[],"categories":[1],"tags":[594,829,857,1261],"_links":{"self":[{"href":"https:\/\/blogs.hoy.es\/Juandomingofernandez\/wp-json\/wp\/v2\/posts\/304"}],"collection":[{"href":"https:\/\/blogs.hoy.es\/Juandomingofernandez\/wp-json\/wp\/v2\/posts"}],"about":[{"href":"https:\/\/blogs.hoy.es\/Juandomingofernandez\/wp-json\/wp\/v2\/types\/post"}],"author":[{"embeddable":true,"href":"https:\/\/blogs.hoy.es\/Juandomingofernandez\/wp-json\/wp\/v2\/users\/13"}],"replies":[{"embeddable":true,"href":"https:\/\/blogs.hoy.es\/Juandomingofernandez\/wp-json\/wp\/v2\/comments?post=304"}],"version-history":[{"count":0,"href":"https:\/\/blogs.hoy.es\/Juandomingofernandez\/wp-json\/wp\/v2\/posts\/304\/revisions"}],"wp:attachment":[{"href":"https:\/\/blogs.hoy.es\/Juandomingofernandez\/wp-json\/wp\/v2\/media?parent=304"}],"wp:term":[{"taxonomy":"category","embeddable":true,"href":"https:\/\/blogs.hoy.es\/Juandomingofernandez\/wp-json\/wp\/v2\/categories?post=304"},{"taxonomy":"post_tag","embeddable":true,"href":"https:\/\/blogs.hoy.es\/Juandomingofernandez\/wp-json\/wp\/v2\/tags?post=304"}],"curies":[{"name":"wp","href":"https:\/\/api.w.org\/{rel}","templated":true}]}}