{"id":306,"date":"2012-04-20T16:04:46","date_gmt":"2012-04-20T15:04:46","guid":{"rendered":"http:\/\/blogs.hoy.es\/Juandomingofernandez\/?p=306"},"modified":"2012-04-20T16:04:46","modified_gmt":"2012-04-20T15:04:46","slug":"la-gallina-en-la-selva","status":"publish","type":"post","link":"https:\/\/blogs.hoy.es\/Juandomingofernandez\/2012\/04\/20\/la-gallina-en-la-selva\/","title":{"rendered":"La gallina en la selva"},"content":{"rendered":"<p>Hace muchos a\u00f1os un grupo de exploradores europeos someti\u00f3 a los miembros de una tribu africana a un experimento : proyectarles el documental de una boda regia en Europa. En la pel\u00edcula se ve\u00edan carrozas tiradas por caballos, palacios, escenas de baile y un universo de lujo, brillo y color. Los exploradores quer\u00edan saber qu\u00e9 impresi\u00f3n causaba entre los ind\u00edgenas de la selva aquella sucesi\u00f3n de im\u00e1genes. Al finalizar la proyecci\u00f3n les interrogan, expectantes y ansiosos, pero todos callan, menos el jefe de la tribu, que se atreve a hablar: \u00abLa gallina\u00bb, les contesta, \u00abeso es lo que m\u00e1s nos ha gustado\u00bb. \u00bfLa gallina?, se preguntan at\u00f3nitos los exploradores. \u00bfQu\u00e9 gallina? Visionan de nuevo la pel\u00edcula y descubren que mientras avanza la carroza real escoltada por vistosos jinetes, tras la multitud que se agolpa y ovaciona a los reci\u00e9n casados, se percibe durante d\u00e9cimas de segundo el vuelo cort\u00edsimo de una gallina. En esa imagen tan anecd\u00f3tica de la gallina fue precisamente en la \u00fanica que repararon los ind\u00edgenas.<br \/>\nEste cuento de la gallina (bien conocido\u00a0 en la historia del periodismo espa\u00f1ol) se reproduce cada vez que la atenci\u00f3n p\u00fablica alimentada por los medios informativos se\u00a0 entretiene con las \u2018voland\u00e1s\u2019 de lo intrascendente, de lo anecd\u00f3tico, frente a lo esencial. Cada vez que la tribu repara y se distrae con el vuelo de una mosca, aunque esa mosca pese como un elefante de Botsuana.<br \/>\nComo en la genial pel\u00edcula \u2018Amanece, que no es poco\u2019, de Jos\u00e9 Luis Cuerda, a m\u00e1s de uno le han dado ganas de exclamar lo de aquel personaje: \u00ab\u00a1Alcalde: todos somos contingentes, pero t\u00fa eres necesario!\u00bb, solo que pensando en el Rey.<br \/>\nEs verdad que no parece muy est\u00e9tico eso de marcharse a matar elefantes \u2013aunque sea invitado por un amigo\u2013 cuando la edad y las condiciones f\u00edsicas no lo aconsejan. Pero de ah\u00ed a lanzarse\u00a0 p\u00fablicamente contra \u00e9l d\u00e1ndole escobazos como si fuera el mu\u00f1eco del tren de la bruja hay un abismo. El pa\u00eds tiene problemas y retos mucho m\u00e1s urgentes y sobre todo mucho m\u00e1s trascendentes que la metedura de pata del Rey march\u00e1ndose a una cacer\u00eda que no le acarrea buena imagen ni a \u00e9l, ni a la corona, ni al pa\u00eds. Pero Dios te lo da y Dios te lo quita, le han bastado once palabras para disculparse y desvelar no que el emperador estaba desnudo, sino que en realidad se estaba organizando una tormenta en un vaso de agua.<br \/>\nDe los errores se aprende. Es lo positivo. La sociedad tambi\u00e9n aprende con estos episodios a desenmascarar a tanto tartufo, a tanto fan\u00e1tico de lo pol\u00edticamente correcto, a tanto entusiasta del \u2018meapilismo\u2019 laico ense\u00f1ando sus colmillitos y dando dentelladas a una presa que cre\u00edan abatida&#8230;<br \/>\nDespu\u00e9s de lo de Botsuana no creo que nadie piense en concederle al Rey el premio de cazador del a\u00f1o, pero tratar de convertirlo por esa decisi\u00f3n tan poco est\u00e9tica y discutible en un gui\u00f1apo, en una caricatura de s\u00ed mismo y de lo que ha representando hasta ahora para Espa\u00f1a, ser\u00eda intentar subsanar un error leve cometiendo un estropicio. No ser\u00e9 yo quien defienda al Rey (bien se vale el solito) pero recuerdo al resto de la tribu que en la pel\u00edcula que proyectan salen m\u00e1s cosas que la gallina.<\/p>\n<!-- AddThis Advanced Settings generic via filter on the_content --><!-- AddThis Share Buttons generic via filter on the_content -->","protected":false},"excerpt":{"rendered":"<p>Hace muchos a\u00f1os un grupo de exploradores europeos someti\u00f3 a los miembros de una tribu africana a un experimento : proyectarles el documental de una boda regia en Europa. En la pel\u00edcula se ve\u00edan carrozas tiradas por caballos, palacios, escenas de baile y un universo de lujo, brillo y color. Los exploradores quer\u00edan saber qu\u00e9 [&hellip;]<!-- AddThis Advanced Settings generic via filter on get_the_excerpt --><!-- AddThis Share Buttons generic via filter on get_the_excerpt --><\/p>\n","protected":false},"author":13,"featured_media":0,"comment_status":"open","ping_status":"closed","sticky":false,"template":"","format":"standard","meta":[],"categories":[1],"tags":[],"_links":{"self":[{"href":"https:\/\/blogs.hoy.es\/Juandomingofernandez\/wp-json\/wp\/v2\/posts\/306"}],"collection":[{"href":"https:\/\/blogs.hoy.es\/Juandomingofernandez\/wp-json\/wp\/v2\/posts"}],"about":[{"href":"https:\/\/blogs.hoy.es\/Juandomingofernandez\/wp-json\/wp\/v2\/types\/post"}],"author":[{"embeddable":true,"href":"https:\/\/blogs.hoy.es\/Juandomingofernandez\/wp-json\/wp\/v2\/users\/13"}],"replies":[{"embeddable":true,"href":"https:\/\/blogs.hoy.es\/Juandomingofernandez\/wp-json\/wp\/v2\/comments?post=306"}],"version-history":[{"count":0,"href":"https:\/\/blogs.hoy.es\/Juandomingofernandez\/wp-json\/wp\/v2\/posts\/306\/revisions"}],"wp:attachment":[{"href":"https:\/\/blogs.hoy.es\/Juandomingofernandez\/wp-json\/wp\/v2\/media?parent=306"}],"wp:term":[{"taxonomy":"category","embeddable":true,"href":"https:\/\/blogs.hoy.es\/Juandomingofernandez\/wp-json\/wp\/v2\/categories?post=306"},{"taxonomy":"post_tag","embeddable":true,"href":"https:\/\/blogs.hoy.es\/Juandomingofernandez\/wp-json\/wp\/v2\/tags?post=306"}],"curies":[{"name":"wp","href":"https:\/\/api.w.org\/{rel}","templated":true}]}}