{"id":308,"date":"2012-05-04T21:24:41","date_gmt":"2012-05-04T20:24:41","guid":{"rendered":"http:\/\/blogs.hoy.es\/Juandomingofernandez\/?p=308"},"modified":"2012-05-04T21:24:41","modified_gmt":"2012-05-04T20:24:41","slug":"la-vomitera-digital","status":"publish","type":"post","link":"https:\/\/blogs.hoy.es\/Juandomingofernandez\/2012\/05\/04\/la-vomitera-digital\/","title":{"rendered":"La vomitera digital"},"content":{"rendered":"<p>Aunque don Miguel de Unamuno, tan inclinado a las paradojas, pensaba que \u00abno existe peor intolerancia que la de la raz\u00f3n\u00bb, seguramente en nuestra piel de toro es f\u00e1cil encontrar brotes de intolerencia, y aun cosechas enteras, regadas con agua que no brota de la inteligencia o del raciocinio. Basta rascar un poco sobre la epidermis para que asome, como en aquella serie televisiva de extraterrestres, el \u2018lagarto\u2019 que ha colonizado nuestro lado oscuro, el inquisidor de horca y cuchillo dispuesto a arreglar el mundo a su manera.<br \/>\nUno de los \u2018rascadores\u2019 de epidermis m\u00e1s populares lo proporciona Internet y la posibilidad de lanzar pedradas escondiendo la mano tras la confortable trinchera del anonimato. El anonimato funciona aqu\u00ed como la rejilla del confesionario o el div\u00e1n del psiquiatra, favorece la vomitera mental, la descarga de munici\u00f3n, con la ventaja de que no hay un cura que te ponga penitencia ni un facultativo que te pase la factura.<br \/>\nComo en un carnaval gigantesco, diseminado entre innumerables ordenadores, el ej\u00e9rcito de desinhibidos justicieros apalea a su antojo a quienes se les ponen por delante. Con el antifaz puesto, el trabajo de repartir le\u00f1a es una actividad muy divertida. Lo digo en serio, lo \u00fanico bueno de este matonismo digital es lo que tiene de \u2018liberaci\u00f3n\u2019, de v\u00e1lvula terap\u00e9utica para dar rienda suelta a frustraciones econ\u00f3micas, familiares, pol\u00edticas&#8230;, sin desembocar en \u00e1mbitos socialmente m\u00e1s sensibles. Es aquello que les dec\u00eda el ex ministro Ernest Lluch, asesinado por ETA, a unos indeseables que le insultaban semanas antes del atentado: \u00ab\u00a1Gritad! \u00a1Gritad, porque mientras grit\u00e1is no est\u00e1is matando!\u00bb.<br \/>\nAs\u00ed que nunca falta gente dispuesta a llevarle la contraria a don Miguel de Unamuno con eso de la intolerancia y la raz\u00f3n.<br \/>\nLos periodistas celebramos ayer, convocados por la Federaci\u00f3n de Asociaciones de la Prensa de Espa\u00f1a, una serie de concentraciones en cuarenta ciudades del pa\u00eds para dar lectura a un manifiesto sobre los problemas del sector y bajo el lema general \u2018Sin periodistas no hay periodismo, sin periodismo no hay democracia\u2019. \u00bfAlguien que utilice la raz\u00f3n, el raciocinio, puede usar ese mensaje \u2013en mi opini\u00f3n tan certero e inapelable como la ley de la gravedad\u2013 no solo para discrepar del lema, sino para ejercitarse en el insulto contra el periodismo y contra todos los miembros del colectivo?<br \/>\nEs un ejemplo entre millones, tra\u00eddo al hilo de la actualidad, no porque desee situarme al otro lado del cristal. El periodista debe huir del protagonismo personal (el protagonista es siempre la informaci\u00f3n, el reportaje, el entrevistado&#8230;) si no quiere convertirse en una caricatura del mundo del espect\u00e1culo o en \u2018otra cosa\u2019.<br \/>\nM\u00e1s ejemplos. Un medio nacional anuncia que ha sido galardonado con el Premio Reina Sof\u00eda de Poes\u00eda Iberoamericana el nicarag\u00fcense Ernesto Cardenal, inmenso poeta, sacerdote de la teolog\u00eda de la liberaci\u00f3n y en su d\u00eda ministro sandinista. Uno de los comentarios a la noticia:\u00a0 \u00abPenosos, los \u2018poemas\u2019 del cura rebotado este. \u00bfQui\u00e9n decide los premios, Stalin?\u00bb. Por lo menos, el \u2018mamporro\u2019 ah\u00ed viaja rematado con humor.<\/p>\n<!-- AddThis Advanced Settings generic via filter on the_content --><!-- AddThis Share Buttons generic via filter on the_content -->","protected":false},"excerpt":{"rendered":"<p>Aunque don Miguel de Unamuno, tan inclinado a las paradojas, pensaba que \u00abno existe peor intolerancia que la de la raz\u00f3n\u00bb, seguramente en nuestra piel de toro es f\u00e1cil encontrar brotes de intolerencia, y aun cosechas enteras, regadas con agua que no brota de la inteligencia o del raciocinio. Basta rascar un poco sobre la [&hellip;]<!-- AddThis Advanced Settings generic via filter on get_the_excerpt --><!-- AddThis Share Buttons generic via filter on get_the_excerpt --><\/p>\n","protected":false},"author":13,"featured_media":0,"comment_status":"open","ping_status":"closed","sticky":false,"template":"","format":"standard","meta":[],"categories":[1],"tags":[410,642,987,1077,1294],"_links":{"self":[{"href":"https:\/\/blogs.hoy.es\/Juandomingofernandez\/wp-json\/wp\/v2\/posts\/308"}],"collection":[{"href":"https:\/\/blogs.hoy.es\/Juandomingofernandez\/wp-json\/wp\/v2\/posts"}],"about":[{"href":"https:\/\/blogs.hoy.es\/Juandomingofernandez\/wp-json\/wp\/v2\/types\/post"}],"author":[{"embeddable":true,"href":"https:\/\/blogs.hoy.es\/Juandomingofernandez\/wp-json\/wp\/v2\/users\/13"}],"replies":[{"embeddable":true,"href":"https:\/\/blogs.hoy.es\/Juandomingofernandez\/wp-json\/wp\/v2\/comments?post=308"}],"version-history":[{"count":0,"href":"https:\/\/blogs.hoy.es\/Juandomingofernandez\/wp-json\/wp\/v2\/posts\/308\/revisions"}],"wp:attachment":[{"href":"https:\/\/blogs.hoy.es\/Juandomingofernandez\/wp-json\/wp\/v2\/media?parent=308"}],"wp:term":[{"taxonomy":"category","embeddable":true,"href":"https:\/\/blogs.hoy.es\/Juandomingofernandez\/wp-json\/wp\/v2\/categories?post=308"},{"taxonomy":"post_tag","embeddable":true,"href":"https:\/\/blogs.hoy.es\/Juandomingofernandez\/wp-json\/wp\/v2\/tags?post=308"}],"curies":[{"name":"wp","href":"https:\/\/api.w.org\/{rel}","templated":true}]}}