{"id":31,"date":"2006-02-26T13:38:13","date_gmt":"2006-02-26T13:38:13","guid":{"rendered":"http:\/\/blogs.hoy.es\/Juandomingofernandez\/?p=31"},"modified":"2006-02-26T13:38:13","modified_gmt":"2006-02-26T13:38:13","slug":"la-tumba-retumba","status":"publish","type":"post","link":"https:\/\/blogs.hoy.es\/Juandomingofernandez\/2006\/02\/26\/la-tumba-retumba\/","title":{"rendered":"La tumba retumba"},"content":{"rendered":"<p>He visto abrir tumbas dos veces en mi vida, y en ninguna de las dos ocasiones conoc\u00eda a los muertos. La primera vez yo era un ni\u00f1o y se trataba de un sepulcro junto a lo que despu\u00e9s se conocer\u00eda como la bas\u00edlica visigoda de Ibahernando. Aquel d\u00eda perdura en mi memoria como una fecha fabulosa. Recuerdo que decidimos escaparnos con otros amigos de la reuni\u00f3n en la iglesia y sumarnos a una &#8216;expedici\u00f3n&#8217; improvisada para visitar aquel enterramiento en Magasquilla, donde hab\u00edan encontrado, dentro del sepulcro de piedra, una jarrita de vidrio y otros elementos que en nuestra imaginaci\u00f3n adquir\u00edan un car\u00e1cter prodigioso.<br \/>\nAquella tumba, que alguien hab\u00eda descubierto al enganch\u00e1rsele la reja del arado con lo que parec\u00eda una pesada l\u00e1pida, se presentaba a nuestros ojos como un tesoro que llevaba dormido trece o catorce siglos en el paisaje an\u00f3nimo del campo.<br \/>\nRecuerdo que varios de los muchachos de m\u00e1s edad desplazaron la piedra de granito que cubr\u00eda el enterramiento y ante mis ojos apareci\u00f3 un esqueleto con la calavera perfectamente reconocible. De pronto, uno de los j\u00f3venes toc\u00f3 con el extremo de su vara en la frente de la calavera, donde se form\u00f3 un agujero que a m\u00ed me pareci\u00f3 la boca de un peque\u00f1o pasadizo a la eternidad. Aquel esqueleto se hab\u00eda mantenido intacto desde el siglo VI o VII de la era cristiana, pero ahora, pr\u00e1cticamente pulverizado, estaba claro que no aguantaba ese &#8216;jolgorio&#8217; a su alrededor. Alguien recrimin\u00f3 al muchacho de la vara el &#8216;puyazo&#8217; post m\u00f3rtem y desde entonces en muchas de mis pesadillas habita la sombra sepulcral de aquella calavera con un agujero en mitad de la frente.<br \/>\n?\u00bfY lo de la otra tumba? -pregunt\u00f3 mi hijo, que por fin levantaba la vista del libro de Harry Potter.<br \/>\n?\u00a1Ah!, eso te lo contar\u00e9 -le respond\u00ed- dentro de diez d\u00edas.<\/p>\n<!-- AddThis Advanced Settings generic via filter on the_content --><!-- AddThis Share Buttons generic via filter on the_content -->","protected":false},"excerpt":{"rendered":"<p>He visto abrir tumbas dos veces en mi vida, y en ninguna de las dos ocasiones conoc\u00eda a los muertos. La primera vez yo era un ni\u00f1o y se trataba de un sepulcro junto a lo que despu\u00e9s se conocer\u00eda como la bas\u00edlica visigoda de Ibahernando. Aquel d\u00eda perdura en mi memoria como una fecha [&hellip;]<!-- AddThis Advanced Settings generic via filter on get_the_excerpt --><!-- AddThis Share Buttons generic via filter on get_the_excerpt --><\/p>\n","protected":false},"author":13,"featured_media":0,"comment_status":"open","ping_status":"closed","sticky":false,"template":"","format":"standard","meta":[],"categories":[2],"tags":[],"_links":{"self":[{"href":"https:\/\/blogs.hoy.es\/Juandomingofernandez\/wp-json\/wp\/v2\/posts\/31"}],"collection":[{"href":"https:\/\/blogs.hoy.es\/Juandomingofernandez\/wp-json\/wp\/v2\/posts"}],"about":[{"href":"https:\/\/blogs.hoy.es\/Juandomingofernandez\/wp-json\/wp\/v2\/types\/post"}],"author":[{"embeddable":true,"href":"https:\/\/blogs.hoy.es\/Juandomingofernandez\/wp-json\/wp\/v2\/users\/13"}],"replies":[{"embeddable":true,"href":"https:\/\/blogs.hoy.es\/Juandomingofernandez\/wp-json\/wp\/v2\/comments?post=31"}],"version-history":[{"count":0,"href":"https:\/\/blogs.hoy.es\/Juandomingofernandez\/wp-json\/wp\/v2\/posts\/31\/revisions"}],"wp:attachment":[{"href":"https:\/\/blogs.hoy.es\/Juandomingofernandez\/wp-json\/wp\/v2\/media?parent=31"}],"wp:term":[{"taxonomy":"category","embeddable":true,"href":"https:\/\/blogs.hoy.es\/Juandomingofernandez\/wp-json\/wp\/v2\/categories?post=31"},{"taxonomy":"post_tag","embeddable":true,"href":"https:\/\/blogs.hoy.es\/Juandomingofernandez\/wp-json\/wp\/v2\/tags?post=31"}],"curies":[{"name":"wp","href":"https:\/\/api.w.org\/{rel}","templated":true}]}}