{"id":315,"date":"2012-06-15T21:25:09","date_gmt":"2012-06-15T20:25:09","guid":{"rendered":"http:\/\/blogs.hoy.es\/Juandomingofernandez\/?p=315"},"modified":"2012-06-15T21:25:09","modified_gmt":"2012-06-15T20:25:09","slug":"dioses-e-idolos","status":"publish","type":"post","link":"https:\/\/blogs.hoy.es\/Juandomingofernandez\/2012\/06\/15\/dioses-e-idolos\/","title":{"rendered":"Dioses e \u00eddolos"},"content":{"rendered":"<p>Hace pocos a\u00f1os era lugar com\u00fan la idea de que Espa\u00f1a, reci\u00e9n llegada a la democracia, no soportar\u00eda dos millones de parados sin que estallara una peligros\u00edsima revoluci\u00f3n social. La historia prob\u00f3 lo poco fundamentado de aquellos augurios. La situaci\u00f3n socioecon\u00f3mica general fue mejorando y hasta se lleg\u00f3 al deslumbramiento de que \u00e9ramos m\u00e1s ricos de lo que en realidad marcaba la caja de caudales.<br \/>\nLa crisis lleg\u00f3 para apagar la luz y ordenar que nos quit\u00e1semos el traje de fiesta. Durante mucho tiempo la esperanza colectiva, no la individual, se asentaba en opciones pol\u00edticas te\u00f1idas de un fondo ideol\u00f3gico. De esa forma, hab\u00eda quienes confiaban en la derecha, con su amplio espectro de opciones; o en la izquierda, tambi\u00e9n con todos sus registros. Pero formulado aquel pronunciamiento de \u00abDios ha muerto, Marx ha muerto y yo estoy muy malito\u00bb, la confusi\u00f3n, la mezcla, la homogeneizaci\u00f3n adquiri\u00f3 dimensiones casi b\u00edblicas y desembocamos en una \u00e9poca en que determinar con precisi\u00f3n el esp\u00edritu ideol\u00f3gico de un partido resulta m\u00e1s complicado que secuenciar el genoma humano.<br \/>\nNo me refiero a eso de \u00abtodos los partidos pol\u00edticos son iguales\u00bb sino a que cautivas y desarmadas todas las ideolog\u00edas autoritarias, liquidados los viejos enfrentamientos de bloques, extendida la globalizaci\u00f3n, reducidos a contrapuntos pintorescos los movimientos \u2018alternativos\u2019 y consagrado el becerro de oro como \u00fanico dios y los mercados como sus profetas, empieza a nublarse el horizonte. No es que todos los partidos sean iguales \u2013que no lo son, aunque a veces lo parezca\u2013 es que los partidos se han convertido en\u00a0 meros comparsas, en simples instrumentos, en personal menestral o de servicio de eso que podr\u00edamos denominar \u2018el sistema\u2019. Y el sistema trasciende las instituciones, los partidos, los pa\u00edses, las ideolog\u00edas&#8230;. \u2018El sistema\u2019 es, no nos enga\u00f1emos, la verdadera ideolog\u00eda de nuestro tiempo.\u00a0 Dec\u00eda Joubert que \u00abunos quieren lo que es injusto; otros, lo que es imposible\u00bb. Parece un diagn\u00f3stico escrito para estos d\u00edas de incertidumbre. Millones de personas que han nacido y trabajan en sociedades aparentemente racionales, avanzadas, con vocaci\u00f3n de justicia, se debaten entre la desesperanza y la pobreza porque la atm\u00f3sfera t\u00f3xica de los mercados impone la implacable l\u00f3gica de un \u2018sistema\u2019 para el que todav\u00eda no se ha encontrado ant\u00eddoto.<br \/>\n\u2018El sistema\u2019 aspira a que nadie cambie, a que se consolide lo injusto de esta situaci\u00f3n mientras que del otro lado del cristal aspiramos al \u2018imposible\u2019 de que esa fatalidad termine de una vez. La historia prueba que los padecimientos no son eternos. Lo sab\u00eda Juan de Mairena: \u00abNo hay mal que cien a\u00f1os dure ni gobierno que perdure\u00bb. Antes, la esperanza en que se produjeran cambios que sirvieran de b\u00e1lsamo a la sociedad se depositaba en los partidos pol\u00edticos. La gente de derecha, en los de derecha, y la de izquierda, en los suyos. Sin embargo cambia la cosa. Imagino que ahora, por ejemplo, la arriesgada lucha de IU para retirar el crucifijo del sal\u00f3n de plenos del Ayuntamiento de C\u00e1ceres consuela a la vanguardia de la izquierda en la lucha por un mundo mejor.<\/p>\n<!-- AddThis Advanced Settings generic via filter on the_content --><!-- AddThis Share Buttons generic via filter on the_content -->","protected":false},"excerpt":{"rendered":"<p>Hace pocos a\u00f1os era lugar com\u00fan la idea de que Espa\u00f1a, reci\u00e9n llegada a la democracia, no soportar\u00eda dos millones de parados sin que estallara una peligros\u00edsima revoluci\u00f3n social. La historia prob\u00f3 lo poco fundamentado de aquellos augurios. La situaci\u00f3n socioecon\u00f3mica general fue mejorando y hasta se lleg\u00f3 al deslumbramiento de que \u00e9ramos m\u00e1s ricos [&hellip;]<!-- AddThis Advanced Settings generic via filter on get_the_excerpt --><!-- AddThis Share Buttons generic via filter on get_the_excerpt --><\/p>\n","protected":false},"author":13,"featured_media":0,"comment_status":"open","ping_status":"closed","sticky":false,"template":"","format":"standard","meta":[],"categories":[1],"tags":[297,303,600,701,965],"_links":{"self":[{"href":"https:\/\/blogs.hoy.es\/Juandomingofernandez\/wp-json\/wp\/v2\/posts\/315"}],"collection":[{"href":"https:\/\/blogs.hoy.es\/Juandomingofernandez\/wp-json\/wp\/v2\/posts"}],"about":[{"href":"https:\/\/blogs.hoy.es\/Juandomingofernandez\/wp-json\/wp\/v2\/types\/post"}],"author":[{"embeddable":true,"href":"https:\/\/blogs.hoy.es\/Juandomingofernandez\/wp-json\/wp\/v2\/users\/13"}],"replies":[{"embeddable":true,"href":"https:\/\/blogs.hoy.es\/Juandomingofernandez\/wp-json\/wp\/v2\/comments?post=315"}],"version-history":[{"count":0,"href":"https:\/\/blogs.hoy.es\/Juandomingofernandez\/wp-json\/wp\/v2\/posts\/315\/revisions"}],"wp:attachment":[{"href":"https:\/\/blogs.hoy.es\/Juandomingofernandez\/wp-json\/wp\/v2\/media?parent=315"}],"wp:term":[{"taxonomy":"category","embeddable":true,"href":"https:\/\/blogs.hoy.es\/Juandomingofernandez\/wp-json\/wp\/v2\/categories?post=315"},{"taxonomy":"post_tag","embeddable":true,"href":"https:\/\/blogs.hoy.es\/Juandomingofernandez\/wp-json\/wp\/v2\/tags?post=315"}],"curies":[{"name":"wp","href":"https:\/\/api.w.org\/{rel}","templated":true}]}}