{"id":329,"date":"2012-07-13T19:54:46","date_gmt":"2012-07-13T18:54:46","guid":{"rendered":"http:\/\/blogs.hoy.es\/Juandomingofernandez\/?p=329"},"modified":"2012-07-13T19:54:46","modified_gmt":"2012-07-13T18:54:46","slug":"contra-la-historia","status":"publish","type":"post","link":"https:\/\/blogs.hoy.es\/Juandomingofernandez\/2012\/07\/13\/contra-la-historia\/","title":{"rendered":"Contra la historia"},"content":{"rendered":"<p>Vivimos<\/p>\n<div id=\"attachment_330\" style=\"width: 181px\" class=\"wp-caption alignright\"><a href=\"\/Juandomingofernandez\/wp-content\/uploads\/sites\/11\/2012\/07\/M-A-Blanco1.jpg\"><img aria-describedby=\"caption-attachment-330\" loading=\"lazy\" class=\"size-large wp-image-330\" title=\"M A Blanco\" src=\"\/Juandomingofernandez\/wp-content\/uploads\/sites\/11\/2012\/07\/M-A-Blanco1.jpg\" alt=\"Cabezazos contra el muro de la historia\" width=\"171\" height=\"1024\" \/><\/a><p id=\"caption-attachment-330\" class=\"wp-caption-text\">Mi columna, firmada como Trist\u00e1n Buend\u00eda, en homenaje a Miguel \u00c1. Blanco<\/p><\/div>\n<p>una \u00e9poca en que deber\u00eda prohibirse por decreto ley la tristeza y el pesimismo. La sociedad las ha pasado bastante m\u00e1s canutas en otras ocasiones y ha salido adelante. No me refiero a la situaci\u00f3n econ\u00f3mica, de la cartera, sino a la realidad del coraz\u00f3n, al panorama espiritual. Todos los problemas que se resuelven con dinero \u2013\u00fanicamente con dinero\u2013 son, al cabo, de categor\u00eda menor. Hasta lo advierte \u2018El Principito\u2019 de Saint Exupery: \u00abLo esencial es invisible a los ojos\u00bb.<br \/>\nNo estoy pensando en la Espa\u00f1a de nuestros abuelos y nuestros padres, devastada por una guerra despiadada y una posguerra interminable, ambas largas como un d\u00eda sin pan; ni estoy pensando en la Espa\u00f1a carente de libertades, obligada a emigrar y a recibir turistas para compensar la balanza de pagos. Ni tampoco en esos a\u00f1os en que la sanidad y la educaci\u00f3n para todos era una aspiraci\u00f3n que tardaba en llegar como el abastecimiento de agua a muchos pueblos extreme\u00f1os, las viviendas sociales, las primeras autov\u00edas o plazas suficientes en las residencias geri\u00e1tricas.<br \/>\nEsta Espa\u00f1a es mucho mejor que la de hace 15 a\u00f1os, a pesar del par\u00e9ntesis de la crisis econ\u00f3mica, porque ahora resulta m\u00e1s dif\u00edcil imaginar un panorama de envilecimiento moral como el que alimentaba la banda terrorista ETA y que concluy\u00f3 con el asesinato de Miguel \u00c1ngel Blanco.<br \/>\nA m\u00ed me toc\u00f3 trabajar aquel s\u00e1bado y domingo en la Redacci\u00f3n de C\u00e1ceres y recuerdo vivamente la sensaci\u00f3n de irrealidad y de barbarie que suscit\u00f3 el secuestro. Recuerdo que en la columna que me puse a escribir y que sali\u00f3 publicada el domingo, 13 de julio de 19978, reflexionaba sobre c\u00f3mo\u00a0 una sociedad que observaba a la ETA con \u00abmiedo y desprecio\u00bb era capaz de no sucumbir\u00a0 a la atracci\u00f3n de la venganza para no precipitarse como ellos en el estadio primario del fondo de la cueva.<br \/>\n\u00abC\u00e1ceres, ayer por la tarde\u00bb, escrib\u00ed entonces, \u00abaparec\u00eda llena de j\u00f3venes reclutas, aprovechando las horas de paseo con sus novias y familiares antes de la jura de bandera prevista para hoy. Esa imagen, de normalidad, contribu\u00eda m\u00e1s a\u00fan a subrayar lo \u2018absurdo\u2019 de las acciones de ETA, instalada en la \u2018irrealidad\u2019 de unos presos, v\u00edctimas a su vez de ese torbellino infeliz que ellos han alimentado, y de una minor\u00eda tozuda que se empe\u00f1a en dar chocazos con su cabeza contra el muro de la realidad, de la historia, de la libertad, de la justicia, del progreso y, lo que es peor para ellos, contra el muro de la inteligencia. No s\u00f3lo son menos, sino que adem\u00e1s son m\u00e1s torpes. La historia, que es inexorable, les pasar\u00e1 factura\u00bb.<br \/>\nA\u00f1os despu\u00e9s de aquel cataclismo, no estoy muy seguro de que sean menos, pero estoy convencido de que la historia condenar\u00e1 al olvido o al desprecio esos cr\u00edmenes contra la humanidad.<\/p>\n<!-- AddThis Advanced Settings generic via filter on the_content --><!-- AddThis Share Buttons generic via filter on the_content -->","protected":false},"excerpt":{"rendered":"<p>Vivimos una \u00e9poca en que deber\u00eda prohibirse por decreto ley la tristeza y el pesimismo. La sociedad las ha pasado bastante m\u00e1s canutas en otras ocasiones y ha salido adelante. No me refiero a la situaci\u00f3n econ\u00f3mica, de la cartera, sino a la realidad del coraz\u00f3n, al panorama espiritual. Todos los problemas que se resuelven [&hellip;]<!-- AddThis Advanced Settings generic via filter on get_the_excerpt --><!-- AddThis Share Buttons generic via filter on get_the_excerpt --><\/p>\n","protected":false},"author":13,"featured_media":0,"comment_status":"open","ping_status":"closed","sticky":false,"template":"","format":"standard","meta":[],"categories":[1],"tags":[296,592,843,870,1249],"_links":{"self":[{"href":"https:\/\/blogs.hoy.es\/Juandomingofernandez\/wp-json\/wp\/v2\/posts\/329"}],"collection":[{"href":"https:\/\/blogs.hoy.es\/Juandomingofernandez\/wp-json\/wp\/v2\/posts"}],"about":[{"href":"https:\/\/blogs.hoy.es\/Juandomingofernandez\/wp-json\/wp\/v2\/types\/post"}],"author":[{"embeddable":true,"href":"https:\/\/blogs.hoy.es\/Juandomingofernandez\/wp-json\/wp\/v2\/users\/13"}],"replies":[{"embeddable":true,"href":"https:\/\/blogs.hoy.es\/Juandomingofernandez\/wp-json\/wp\/v2\/comments?post=329"}],"version-history":[{"count":0,"href":"https:\/\/blogs.hoy.es\/Juandomingofernandez\/wp-json\/wp\/v2\/posts\/329\/revisions"}],"wp:attachment":[{"href":"https:\/\/blogs.hoy.es\/Juandomingofernandez\/wp-json\/wp\/v2\/media?parent=329"}],"wp:term":[{"taxonomy":"category","embeddable":true,"href":"https:\/\/blogs.hoy.es\/Juandomingofernandez\/wp-json\/wp\/v2\/categories?post=329"},{"taxonomy":"post_tag","embeddable":true,"href":"https:\/\/blogs.hoy.es\/Juandomingofernandez\/wp-json\/wp\/v2\/tags?post=329"}],"curies":[{"name":"wp","href":"https:\/\/api.w.org\/{rel}","templated":true}]}}