{"id":331,"date":"2012-07-20T19:25:19","date_gmt":"2012-07-20T18:25:19","guid":{"rendered":"http:\/\/blogs.hoy.es\/Juandomingofernandez\/?p=331"},"modified":"2012-07-20T19:25:19","modified_gmt":"2012-07-20T18:25:19","slug":"del-desvieje","status":"publish","type":"post","link":"https:\/\/blogs.hoy.es\/Juandomingofernandez\/2012\/07\/20\/del-desvieje\/","title":{"rendered":"Del &#039;desvieje&#039;"},"content":{"rendered":"<p>Hace a\u00f1os escuch\u00e9 a una persona muy familiarizada con las cosas del mundo rural un pron\u00f3stico sobre la realidad de Extremadura que bordeaba la exageraci\u00f3n y el humor negro: \u00abComo en nuestros pueblos no se produzca pronto el \u2018desvieje\u2019, no s\u00e9 c\u00f3mo va a poderse mantener todo esto\u00bb.<br \/>\nLa palabra \u2018desvieje\u2019 se usa mucho en ganader\u00eda y significa precisamente eso que usted est\u00e1 pensando: separar del reba\u00f1o las ovejas o carneros viejos. Con\u00a0 \u00abtodo esto\u00bb esa persona que conoc\u00eda bastante bien la realidad de los pueblos extreme\u00f1os se refer\u00eda al creciente n\u00famero de pensionistas y al envejecimiento palpable de la poblaci\u00f3n, con una pir\u00e1mide demogr\u00e1fica en la que cada vez hay menos criaturas para el \u2018destete\u2019 y cada vez m\u00e1s para un potencial \u2018desvieje\u2019, si es que esa pr\u00e1ctica ganadera no fuera de imposible aplicaci\u00f3n en los seres humanos.<br \/>\nLa humorada sobre el \u2018desvieje\u2019 gana sentido a medida que arrecia la crisis. Pero en la historia de la literatura no faltan ejemplos en que se buscan soluciones extremas a los problemas de pobreza. No faltan, quiero decir, ejemplos con humor, porque de los otros es sabido que la historia es un cat\u00e1logo completo. El\u00a0 escritor Jonathan Swift, el autor de \u2018Los viajes de Gulliver\u2019, public\u00f3 una s\u00e1tira titulada: \u00abModesta proposici\u00f3n para impedir que los hijos de los pobres de Irlanda sean una carga para sus padres o para el pa\u00eds\u00bb en la que el remedio, el chiste cruel, consist\u00eda en que los menos pudientes vendieran a sus infantes como alimento para la mesa de los ricos. De esa forma, adem\u00e1s de quitarse una boca que alimentar y otro hijo al que cuidar, recib\u00edan un dinero para seguir adelante&#8230;<br \/>\nLa semana pasada el ministro de Educaci\u00f3n, Jos\u00e9 Ignacio Wert, opin\u00f3 que \u2018la fuga de cerebros\u2019 no deber\u00eda considerarse un \u00abfen\u00f3meno negativo\u00bb y que la marcha de j\u00f3venes titulados a otros pa\u00edses en realidad supone un desaf\u00edo para Espa\u00f1a. Cuando tenemos una generaci\u00f3n abocada, en el mejor de los casos a buscarse la vida en el extranjero, el se\u00f1or ministro va a permitir que discrepe seriamente de su opini\u00f3n. Igual que lo hac\u00eda el catedr\u00e1tico de Econom\u00eda alem\u00e1n Juergen B. Donges, quien en una entrevista publicada en HOY\u00a0 reconoc\u00eda que para Aleman\u00eda era muy \u2018bueno\u2019 recibir capital humano sin haber invertido en su formaci\u00f3n pero para Espa\u00f1a era \u00abgrav\u00edsimo\u00bb.<\/p>\n<!-- AddThis Advanced Settings generic via filter on the_content --><!-- AddThis Share Buttons generic via filter on the_content -->","protected":false},"excerpt":{"rendered":"<p>Hace a\u00f1os escuch\u00e9 a una persona muy familiarizada con las cosas del mundo rural un pron\u00f3stico sobre la realidad de Extremadura que bordeaba la exageraci\u00f3n y el humor negro: \u00abComo en nuestros pueblos no se produzca pronto el \u2018desvieje\u2019, no s\u00e9 c\u00f3mo va a poderse mantener todo esto\u00bb. La palabra \u2018desvieje\u2019 se usa mucho en [&hellip;]<!-- AddThis Advanced Settings generic via filter on get_the_excerpt --><!-- AddThis Share Buttons generic via filter on get_the_excerpt --><\/p>\n","protected":false},"author":13,"featured_media":0,"comment_status":"open","ping_status":"closed","sticky":false,"template":"","format":"standard","meta":[],"categories":[1],"tags":[394,675,690,715,721],"_links":{"self":[{"href":"https:\/\/blogs.hoy.es\/Juandomingofernandez\/wp-json\/wp\/v2\/posts\/331"}],"collection":[{"href":"https:\/\/blogs.hoy.es\/Juandomingofernandez\/wp-json\/wp\/v2\/posts"}],"about":[{"href":"https:\/\/blogs.hoy.es\/Juandomingofernandez\/wp-json\/wp\/v2\/types\/post"}],"author":[{"embeddable":true,"href":"https:\/\/blogs.hoy.es\/Juandomingofernandez\/wp-json\/wp\/v2\/users\/13"}],"replies":[{"embeddable":true,"href":"https:\/\/blogs.hoy.es\/Juandomingofernandez\/wp-json\/wp\/v2\/comments?post=331"}],"version-history":[{"count":0,"href":"https:\/\/blogs.hoy.es\/Juandomingofernandez\/wp-json\/wp\/v2\/posts\/331\/revisions"}],"wp:attachment":[{"href":"https:\/\/blogs.hoy.es\/Juandomingofernandez\/wp-json\/wp\/v2\/media?parent=331"}],"wp:term":[{"taxonomy":"category","embeddable":true,"href":"https:\/\/blogs.hoy.es\/Juandomingofernandez\/wp-json\/wp\/v2\/categories?post=331"},{"taxonomy":"post_tag","embeddable":true,"href":"https:\/\/blogs.hoy.es\/Juandomingofernandez\/wp-json\/wp\/v2\/tags?post=331"}],"curies":[{"name":"wp","href":"https:\/\/api.w.org\/{rel}","templated":true}]}}