{"id":332,"date":"2012-07-27T18:55:10","date_gmt":"2012-07-27T17:55:10","guid":{"rendered":"http:\/\/blogs.hoy.es\/Juandomingofernandez\/?p=332"},"modified":"2012-07-27T18:55:10","modified_gmt":"2012-07-27T17:55:10","slug":"plegaria-del-arbol","status":"publish","type":"post","link":"https:\/\/blogs.hoy.es\/Juandomingofernandez\/2012\/07\/27\/plegaria-del-arbol\/","title":{"rendered":"Plegaria del \u00e1rbol"},"content":{"rendered":"<p>En el Paseo de C\u00e1novas de C\u00e1ceres y en otros muchos parques y jardines de Espa\u00f1a se exponen en carteles o en muros de azulejos la \u2018Plegaria del \u00e1rbol\u2019, ese canto que seguramente pueda considerarse con toda justicia uno de los primeros manifiestos proteccionistas de nuestro tiempo. La plegaria, con m\u00faltiples versiones, tiene la fuerza de los salmos y de las invocaciones antiguas:<\/p>\n<p>\u00abT\u00fa que levantas contra m\u00ed tu brazo armado, antes de hacerme mal \u00a1reflexiona!<\/p>\n<p>Dios me ayuda a crecer sin molestarte. Soy la sombra amiga que te protege de sol. Mis flores y frutos sirven a tu recreo. El bosque en que vivo es fuente de salud, deleite y belleza. Soy la viga que soporta el techo de tu casa. Las tablas de tu mesa y la cama en que descansas. Soy el mango de tus herramientas. La tabla de tu cuna, la madera de tu barca, la puerta de tu casa, el bast\u00f3n de tu vejez. Con mis ramas enciendo tu hogar y cueces pan. Mis hojas alimentan tu ganado y son abono para tus campos\u00bb&#8230;<\/p>\n<p>La plegaria nos recuerda que el \u00e1rbol representa la hermosura del paisaje, el refugio de los p\u00e1jaros, el encanto de la huerta, la se\u00f1al de la monta\u00f1a, el calor de la le\u00f1a en el hogar y un detalle nada desde\u00f1able: \u00abCuando mueras, en forma de ata\u00fad, seguir\u00e1s necesit\u00e1ndome\u00bb.<\/p>\n<div id=\"testArtCol_b\">\n<p>En casi todas las versiones de esta oraci\u00f3n laica a se pide al hombre que no mutile al \u00e1rbol con las podas buscando \u00fanicamente la le\u00f1a, se alude al horror del fuego y se ruega no da\u00f1ar a un ser vivo al que en muchos casos puede llegar a quererse como un hijo.<\/p>\n<p>Es verdad que bastantes de las utilidades que la plegaria atribuye al \u00e1rbol han sido superadas por el progreso o sustituidas por un m\u00e1s que discutible sentido \u2018pr\u00e1ctico\u2019. Ni las vigas, ni las camas, ni las cunas, ni las barcas, ni los bastones, \u00a1ay!, son ya exclusivamente de madera. Ni tampoco es la le\u00f1a el combustible que alimenta la mayor\u00eda del fuego de los hogares.<\/p>\n<p>A quien escriba la pr\u00f3xima versi\u00f3n de la \u2018Plegaria del \u00e1rbol\u2019 seguramente le corresponda subrayar, sin embargo, que los bosques son los que capturan el da\u00f1ino CO2 de la atm\u00f3sfera, los que luchan contra la erosi\u00f3n de nuestros suelos y el avance del desierto, los que atemperan el clima, los que purifican el aire y contribuyen a la salud mental de la sociedad. Que son, entre otras muchas cosas buenas, nuestros aliados de la vida.<\/p>\n<p>Si estuviera en mi mano, a quienes provocan intencionada o irresponsablemente incendios y da\u00f1os a los \u00e1rboles yo les impondr\u00eda \u2013al margen de las penas que establezca la ley\u2013 una tarea a\u00f1adida: copiar a mano la \u2018Plegaria del \u00e1rbol\u2019 y divulgar el mensaje por tantos centros de ense\u00f1anza como \u00e1rboles hayan sido destruidos por su brazo armado.<\/p>\n<\/div>\n<!-- AddThis Advanced Settings generic via filter on the_content --><!-- AddThis Share Buttons generic via filter on the_content -->","protected":false},"excerpt":{"rendered":"<p>En el Paseo de C\u00e1novas de C\u00e1ceres y en otros muchos parques y jardines de Espa\u00f1a se exponen en carteles o en muros de azulejos la \u2018Plegaria del \u00e1rbol\u2019, ese canto que seguramente pueda considerarse con toda justicia uno de los primeros manifiestos proteccionistas de nuestro tiempo. La plegaria, con m\u00faltiples versiones, tiene la fuerza [&hellip;]<!-- AddThis Advanced Settings generic via filter on get_the_excerpt --><!-- AddThis Share Buttons generic via filter on get_the_excerpt --><\/p>\n","protected":false},"author":13,"featured_media":0,"comment_status":"open","ping_status":"closed","sticky":false,"template":"","format":"standard","meta":[],"categories":[1],"tags":[95,617,901,1058],"_links":{"self":[{"href":"https:\/\/blogs.hoy.es\/Juandomingofernandez\/wp-json\/wp\/v2\/posts\/332"}],"collection":[{"href":"https:\/\/blogs.hoy.es\/Juandomingofernandez\/wp-json\/wp\/v2\/posts"}],"about":[{"href":"https:\/\/blogs.hoy.es\/Juandomingofernandez\/wp-json\/wp\/v2\/types\/post"}],"author":[{"embeddable":true,"href":"https:\/\/blogs.hoy.es\/Juandomingofernandez\/wp-json\/wp\/v2\/users\/13"}],"replies":[{"embeddable":true,"href":"https:\/\/blogs.hoy.es\/Juandomingofernandez\/wp-json\/wp\/v2\/comments?post=332"}],"version-history":[{"count":0,"href":"https:\/\/blogs.hoy.es\/Juandomingofernandez\/wp-json\/wp\/v2\/posts\/332\/revisions"}],"wp:attachment":[{"href":"https:\/\/blogs.hoy.es\/Juandomingofernandez\/wp-json\/wp\/v2\/media?parent=332"}],"wp:term":[{"taxonomy":"category","embeddable":true,"href":"https:\/\/blogs.hoy.es\/Juandomingofernandez\/wp-json\/wp\/v2\/categories?post=332"},{"taxonomy":"post_tag","embeddable":true,"href":"https:\/\/blogs.hoy.es\/Juandomingofernandez\/wp-json\/wp\/v2\/tags?post=332"}],"curies":[{"name":"wp","href":"https:\/\/api.w.org\/{rel}","templated":true}]}}