{"id":339,"date":"2012-09-21T21:30:31","date_gmt":"2012-09-21T20:30:31","guid":{"rendered":"http:\/\/blogs.hoy.es\/Juandomingofernandez\/?p=339"},"modified":"2012-09-21T21:30:31","modified_gmt":"2012-09-21T20:30:31","slug":"la-fortuna-y-cecilia","status":"publish","type":"post","link":"https:\/\/blogs.hoy.es\/Juandomingofernandez\/2012\/09\/21\/la-fortuna-y-cecilia\/","title":{"rendered":"La fortuna y Cecilia"},"content":{"rendered":"<p>Todos hemos sentido alguna vez la sensaci\u00f3n de que el tiempo se detiene, se remansa entre las horas mientras que otras veces sucede al rev\u00e9s: el ritmo se acelera, palpita y corre con ritmo fren\u00e9tico, como alma que lleva el diablo.<br \/>\nA nuestro alrededor, las noticias se precipitan y chisporrotean en las llamas de la actualidad: la dimisi\u00f3n de Esperanza Aguirre hace olvidar por un rato la tristura de la crisis; la muerte de Santiago Carrillo hace olvidar la dimisi\u00f3n de Aguirre y revuelve las aguas de la transici\u00f3n democr\u00e1tica y hasta de su papel en los episodios de Paracuellos; la carta del Rey se entremezcla con las reacciones de algunos nacionalistas catalanes en su deriva independentista; la sensaci\u00f3n de que regresamos al pasado nos llega con el \u2018recordatorio\u2019 de Hezbol\u00e1 y de otros radicales isl\u00e1micos en relaci\u00f3n a las caricaturas sobre Mahoma.<br \/>\nEl Real Madrid vuelve por donde sol\u00eda y con su v\u00edctoria sobre el Manchester City tengo la sensaci\u00f3n de que el tiempo de nuevo se detiene. Y  hasta S\u00e1nchez Drag\u00f3, expuesto en el escaparate p\u00fablico de Internet como un padre maduro y poco pudibundo me parece una se\u00f1al de que en el engranaje de los d\u00edas se ha colado alguna pieza extra\u00f1a y el mecanismo avanza a tirones.<br \/>\nSiento que todo se acelera, pero la verdadera velocidad de los acontecimientos resplandece en una noticia que ha hecho sonre\u00edr a medio mundo durante los d\u00edas postreros del verano: la famosa \u2018restauraci\u00f3n\u2019 del eccehomo de Borja que hizo Cecilia Gim\u00e9nez. Por el\u00a0 santuario de la Fundaci\u00f3n Hospital Santi\u00a0 Espiritus se calcula que han pasado ya m\u00e1s de 30.000 personas. Bastante m\u00e1s gente que la que acogen muchas salas de exposiciones y museos tras d\u00e9cadas abiertas al p\u00fablico con obras maestras. Muchos m\u00e1s visitantes, por ejemplo, que los que acuden de manera regular a una muestra temporal de cualquier artista vivo, aunque sea de primer\u00a0 nivel.<br \/>\nConvertido en icono de consumo r\u00e1pido, la gente quiere fotografiarse delante del eccehomo para dejar constancia de que \u00abfulanito ha estado aqu\u00ed\u00bb, ese mensaje\/r\u00fabrica que sol\u00edan grabar en espacios p\u00fablicos los gamberretes escolares durante las excursiones o los turistas desconsiderados con\u00a0 el patrimonio hist\u00f3rico.<br \/>\nNo es un fen\u00f3meno nuevo, pero s\u00ed resulta novedoso y una iron\u00eda del destino que la rueda de la fortuna regale fama postrera a alguien que sinti\u00f3 pasi\u00f3n toda la vida por el arte y cuyo signo de gloria y de condena ser\u00e1, parad\u00f3jicamente, una \u2018restauraci\u00f3n fallida\u2019. Pasar a la historia por un traspi\u00e9, no por los \u00e9xitos de una larga carrera.<br \/>\nLa fama postrera me enternece, y m\u00e1s si le sobreviene a alguien que no persigui\u00f3 cosechar popularidad a toda costa. Me enternece la vuelta de tuerca de los acontecimientos: la aspiraci\u00f3n a cobrar derechos de autor por el fruto, en \u00faltima instancia, de un estropicio. Desde el punto de vista jur\u00eddico parece que no es viable tal aspiraci\u00f3n, pues el trabajo de Cecilia no se considera \u2018obra original\u2019, sino \u2018repunte\u2019. \u00bfPero desde el punto de vista humano hay algo m\u00e1s natural? \u00bfSi todos comen de la tarta, c\u00f3mo no lo va a hacer quien la elabor\u00f3?<\/p>\n<!-- AddThis Advanced Settings generic via filter on the_content --><!-- AddThis Share Buttons generic via filter on the_content -->","protected":false},"excerpt":{"rendered":"<p>Todos hemos sentido alguna vez la sensaci\u00f3n de que el tiempo se detiene, se remansa entre las horas mientras que otras veces sucede al rev\u00e9s: el ritmo se acelera, palpita y corre con ritmo fren\u00e9tico, como alma que lleva el diablo. A nuestro alrededor, las noticias se precipitan y chisporrotean en las llamas de la [&hellip;]<!-- AddThis Advanced Settings generic via filter on get_the_excerpt --><!-- AddThis Share Buttons generic via filter on get_the_excerpt --><\/p>\n","protected":false},"author":13,"featured_media":0,"comment_status":"open","ping_status":"closed","sticky":false,"template":"","format":"standard","meta":[],"categories":[1],"tags":[26,167,208,326,369,465,1256],"_links":{"self":[{"href":"https:\/\/blogs.hoy.es\/Juandomingofernandez\/wp-json\/wp\/v2\/posts\/339"}],"collection":[{"href":"https:\/\/blogs.hoy.es\/Juandomingofernandez\/wp-json\/wp\/v2\/posts"}],"about":[{"href":"https:\/\/blogs.hoy.es\/Juandomingofernandez\/wp-json\/wp\/v2\/types\/post"}],"author":[{"embeddable":true,"href":"https:\/\/blogs.hoy.es\/Juandomingofernandez\/wp-json\/wp\/v2\/users\/13"}],"replies":[{"embeddable":true,"href":"https:\/\/blogs.hoy.es\/Juandomingofernandez\/wp-json\/wp\/v2\/comments?post=339"}],"version-history":[{"count":0,"href":"https:\/\/blogs.hoy.es\/Juandomingofernandez\/wp-json\/wp\/v2\/posts\/339\/revisions"}],"wp:attachment":[{"href":"https:\/\/blogs.hoy.es\/Juandomingofernandez\/wp-json\/wp\/v2\/media?parent=339"}],"wp:term":[{"taxonomy":"category","embeddable":true,"href":"https:\/\/blogs.hoy.es\/Juandomingofernandez\/wp-json\/wp\/v2\/categories?post=339"},{"taxonomy":"post_tag","embeddable":true,"href":"https:\/\/blogs.hoy.es\/Juandomingofernandez\/wp-json\/wp\/v2\/tags?post=339"}],"curies":[{"name":"wp","href":"https:\/\/api.w.org\/{rel}","templated":true}]}}