{"id":342,"date":"2012-10-12T20:08:18","date_gmt":"2012-10-12T19:08:18","guid":{"rendered":"http:\/\/blogs.hoy.es\/Juandomingofernandez\/?p=342"},"modified":"2012-10-12T20:08:18","modified_gmt":"2012-10-12T19:08:18","slug":"el-porvernir","status":"publish","type":"post","link":"https:\/\/blogs.hoy.es\/Juandomingofernandez\/2012\/10\/12\/el-porvernir\/","title":{"rendered":"El porvernir"},"content":{"rendered":"<p>Roberto tiene 19 a\u00f1os. Hasta hace poco viv\u00eda con su madre, pero como ella no lograba la mitad de los d\u00edas comida para \u00e9l ha decidido irse de casa. Se ha marchado al piso de una familia que le ha acogido y a la que conoci\u00f3 porque tambi\u00e9n ellos iban en ocasiones al mismo comedor social donde acud\u00edan \u00e9l y su madre. La pareja est\u00e1 divorciada, pero conviven juntos porque no pueden permitirse ir cada uno por su lado. Roberto dice que \u00abes gente humilde, como yo\u00bb y que est\u00e1 contento con ellos. Les paga ciento y pico euros al mes que los servicios sociales de su ciudad le han conseguido por apuntarse a uno de esos cursos formativos subvencionados.<br \/>\nRoberto no sabe nada de su padre, \u00fanicamente que vive en una ciudad lejana y que nunca se ha preocupado por \u00e9l ni ha contribuido con una ayuda para su sustento. La \u00faltima vez que lo vio, hace una pila de a\u00f1os, fue el d\u00eda de la primera comuni\u00f3n. Su abuela paterna, que habita una casa baja en una barriada de las afueras, le dijo que mientras ella viviera no le faltar\u00eda para comer. Roberto se acuerda muchas veces de esa frase que es como un asidero, como un refugio calentito donde acurrucarse cuando le resulta demasiado inh\u00f3spito el desamparo, la mala suerte y la soledad.<br \/>\nLa madre de Roberto tiene un hijo m\u00e1s peque\u00f1o de otra relaci\u00f3n. Pero Roberto no ve mucho a su hermano. \u00abEs un chavalino que apenas conozco; cuando su padre lo llevaba a casa de mi madre le encantaba jugar conmigo y que le sacara a dar una vuelta por ah\u00ed\u00bb.\u00a0 Roberto est\u00e1 preocupado porque el curso del que cobra los pocos euros que destina a su familia de \u2018acogida\u2019 termina el mes que viene y a\u00fan no ha encontrado un trabajo ni una ayuda oficial para el pr\u00f3ximo trimestre.<br \/>\nAlgunas ma\u00f1anas se le echa de menos en el aula. Cuando los profesores preguntan el motivo de la falta a clase, los compa\u00f1eros de Roberto dicen que se ha tenido que marchar porque estaba indispuesto. Pero no es verdad. O no es verdad del todo: las faltas coinciden siempre con los d\u00edas en que va a ver a su abuela a recoger bolsas con comida y unos pocos eurillos que ella le da como a escondidas&#8230;<br \/>\nA Roberto le gusta una chica que conoce desde que eran ni\u00f1os y jugaban en la orilla del gran r\u00edo que ba\u00f1a su ciudad. Cuando se cruzan por la calle no puede evitar ruborizarse ni que el coraz\u00f3n se acelere desbocado. Ya no se atreve a hablar con ella y mucho menos quedar para irse al botell\u00f3n o a ver una pel\u00edcula. En realidad, cuando Roberto la ve venir de frente, por la misma acera, se limita a sonre\u00edrle y acelera el paso, como si no quisiera mostrar ninguna emoci\u00f3n especial, como si no quisiera desvelar que el coraz\u00f3n, boom, boom, boom, retumba en el pecho como los altavoces de un coche tuneado. En cuanto se cruzan, \u00e9l gira la cabeza para verla alejarse con la carpeta de estudios. Roberto conf\u00eda secretamente en que alg\u00fan d\u00eda ella vuelva tambi\u00e9n la cabeza y se crucen las miradas. Sabe que a esa chica le aguarda un futuro mejor, pero se resiste a rendirse, \u00absoy joven y tengo toda la vida por delante\u00bb, dice para s\u00ed mientras pulsa el timbre de la casa de su abuela.<\/p>\n<!-- AddThis Advanced Settings generic via filter on the_content --><!-- AddThis Share Buttons generic via filter on the_content -->","protected":false},"excerpt":{"rendered":"<p>Roberto tiene 19 a\u00f1os. Hasta hace poco viv\u00eda con su madre, pero como ella no lograba la mitad de los d\u00edas comida para \u00e9l ha decidido irse de casa. Se ha marchado al piso de una familia que le ha acogido y a la que conoci\u00f3 porque tambi\u00e9n ellos iban en ocasiones al mismo comedor [&hellip;]<!-- AddThis Advanced Settings generic via filter on get_the_excerpt --><!-- AddThis Share Buttons generic via filter on get_the_excerpt --><\/p>\n","protected":false},"author":13,"featured_media":0,"comment_status":"open","ping_status":"closed","sticky":false,"template":"","format":"standard","meta":[],"categories":[1],"tags":[422,427,466,518,702,1275],"_links":{"self":[{"href":"https:\/\/blogs.hoy.es\/Juandomingofernandez\/wp-json\/wp\/v2\/posts\/342"}],"collection":[{"href":"https:\/\/blogs.hoy.es\/Juandomingofernandez\/wp-json\/wp\/v2\/posts"}],"about":[{"href":"https:\/\/blogs.hoy.es\/Juandomingofernandez\/wp-json\/wp\/v2\/types\/post"}],"author":[{"embeddable":true,"href":"https:\/\/blogs.hoy.es\/Juandomingofernandez\/wp-json\/wp\/v2\/users\/13"}],"replies":[{"embeddable":true,"href":"https:\/\/blogs.hoy.es\/Juandomingofernandez\/wp-json\/wp\/v2\/comments?post=342"}],"version-history":[{"count":0,"href":"https:\/\/blogs.hoy.es\/Juandomingofernandez\/wp-json\/wp\/v2\/posts\/342\/revisions"}],"wp:attachment":[{"href":"https:\/\/blogs.hoy.es\/Juandomingofernandez\/wp-json\/wp\/v2\/media?parent=342"}],"wp:term":[{"taxonomy":"category","embeddable":true,"href":"https:\/\/blogs.hoy.es\/Juandomingofernandez\/wp-json\/wp\/v2\/categories?post=342"},{"taxonomy":"post_tag","embeddable":true,"href":"https:\/\/blogs.hoy.es\/Juandomingofernandez\/wp-json\/wp\/v2\/tags?post=342"}],"curies":[{"name":"wp","href":"https:\/\/api.w.org\/{rel}","templated":true}]}}