{"id":343,"date":"2012-10-19T21:28:30","date_gmt":"2012-10-19T20:28:30","guid":{"rendered":"http:\/\/blogs.hoy.es\/Juandomingofernandez\/?p=343"},"modified":"2012-10-19T21:28:30","modified_gmt":"2012-10-19T20:28:30","slug":"dentro-o-fuera","status":"publish","type":"post","link":"https:\/\/blogs.hoy.es\/Juandomingofernandez\/2012\/10\/19\/dentro-o-fuera\/","title":{"rendered":"Dentro o fuera"},"content":{"rendered":"<p>Anoche se entregaron en Plasencia los premios Extreme\u00f1os de HOY en reconocimiento a la trayectoria de personajes tan relevantes como Reyes Abades, especialista en efectos especiales; Antonio Huertas y Antonio N\u00fa\u00f1ez, que ocupan la presidencia y la vicepresidencia, respectivamente, de Mapfre, y Victorino Mart\u00edn, que aunque no naci\u00f3 en Extremadura lleva medio siglo afincado en la regi\u00f3n.<br \/>\nEn el caso de los tres primeros, extreme\u00f1os de nacencia, el \u00e9xito les ha llegado tras abandonar los l\u00edmites de la tierra donde vieron la luz. Es una circunstancia comprensible: Extremadura nunca ha estado densamente poblada ni ha contado con tal variedad de opciones vitales y econ\u00f3micas que hicieran desaconsejable el camino de la emigraci\u00f3n. Es as\u00ed desde la Edad Media, casi desde los tiempos en que las fronteras de la reconquista iban desplaz\u00e1ndose desde las tierras por encima del Tajo hasta las de m\u00e1s al sur del Guadiana.<br \/>\nRecuerdo que durante mi infancia, a pesar de la encendida ret\u00f3rica que identificaba a Extremadura como \u00abtierra de conquistadores\u00bb la idea de la emigraci\u00f3n siempre se vinculaba a una decisi\u00f3n triste, de desarraigo, a una circunstancia forzada por la penuria econ\u00f3mica, no por el entusiasmo patri\u00f3tico de conquistas lejanas&#8230; Desde ni\u00f1o uno comprend\u00eda enseguida que emigrar era en la mayor\u00eda de los casos una mala soluci\u00f3n o la forma de sortear esas trampas que te tiende la vida aunque t\u00fa no quieras.<br \/>\nConservo como oro en pa\u00f1o el libro \u2018Gu\u00eda secreta de Extremadura\u2019, del gran V\u00edctor Chamorro, en cuya portada figura la estatua ecuestre de Pizarro en Trujillo al que sigue una cola de resignados extreme\u00f1os con sus maletas camino de la emigraci\u00f3n&#8230; Ambos conceptos (conquistadores y emigrantes) unidos en esa imagen que es algo m\u00e1s que una met\u00e1fora: la plasmaci\u00f3n visual de aquella frase que identificaba a Espa\u00f1a durante el r\u00e9gimen anterior\u00a0 con \u00abuna unidad de destino en lo universal\u00bb. Los de m\u00e1s edad seguro que saben a qu\u00e9 me refiero&#8230;<br \/>\nEs verdad que Extremadura lleva siglos sin conseguir dotarse de una estructura econ\u00f3mica que frene la sangr\u00eda de la emigraci\u00f3n, aunque ahora en vez de aportar mano de obra barata para otros pa\u00edses y otras regiones lo que ofrezca son j\u00f3venes titulados\u00a0 con posibilidad de acceder a mejores empleos que los que tuvieron que aceptar sus abuelos o sus padres.<br \/>\n\u00bfQuiere eso decir que nada ha cambiado? Por supuesto que no. Extremadura es ahora much\u00edsimo mejor que hace diez a\u00f1os. Y hace diez a\u00f1os era mejor que hace veinte y\u00a0 hace veinte mejor que hace treinta.<br \/>\nLa diferencia es que ahora, con todas\u00a0 las limitaciones que se quiera,\u00a0 hay dos proporciones que han variado: la de los que triunfan fuera de la regi\u00f3n \u2013bastante m\u00e1s numerosos que d\u00e9cadas atr\u00e1s\u2013 y la proporci\u00f3n de los que triunfan sin necesidad de coger la maleta y marcharse lejos. Sigue habiendo muchos Luis Landero o Javier Cercas que alcanzan el \u00e9xito lejos de su tierra, pero cada d\u00eda son m\u00e1s tambi\u00e9n aquellos a los que el triunfo les saluda trabajando en su casa de siempre. Otra cosa es que sepamos (y reconozcamos) que viven entre nosotros.<\/p>\n<!-- AddThis Advanced Settings generic via filter on the_content --><!-- AddThis Share Buttons generic via filter on the_content -->","protected":false},"excerpt":{"rendered":"<p>Anoche se entregaron en Plasencia los premios Extreme\u00f1os de HOY en reconocimiento a la trayectoria de personajes tan relevantes como Reyes Abades, especialista en efectos especiales; Antonio Huertas y Antonio N\u00fa\u00f1ez, que ocupan la presidencia y la vicepresidencia, respectivamente, de Mapfre, y Victorino Mart\u00edn, que aunque no naci\u00f3 en Extremadura lleva medio siglo afincado en [&hellip;]<!-- AddThis Advanced Settings generic via filter on get_the_excerpt --><!-- AddThis Share Buttons generic via filter on get_the_excerpt --><\/p>\n","protected":false},"author":13,"featured_media":0,"comment_status":"open","ping_status":"closed","sticky":false,"template":"","format":"standard","meta":[],"categories":[1],"tags":[81,87,394,450,456,661,778,1109,1327,1331],"_links":{"self":[{"href":"https:\/\/blogs.hoy.es\/Juandomingofernandez\/wp-json\/wp\/v2\/posts\/343"}],"collection":[{"href":"https:\/\/blogs.hoy.es\/Juandomingofernandez\/wp-json\/wp\/v2\/posts"}],"about":[{"href":"https:\/\/blogs.hoy.es\/Juandomingofernandez\/wp-json\/wp\/v2\/types\/post"}],"author":[{"embeddable":true,"href":"https:\/\/blogs.hoy.es\/Juandomingofernandez\/wp-json\/wp\/v2\/users\/13"}],"replies":[{"embeddable":true,"href":"https:\/\/blogs.hoy.es\/Juandomingofernandez\/wp-json\/wp\/v2\/comments?post=343"}],"version-history":[{"count":0,"href":"https:\/\/blogs.hoy.es\/Juandomingofernandez\/wp-json\/wp\/v2\/posts\/343\/revisions"}],"wp:attachment":[{"href":"https:\/\/blogs.hoy.es\/Juandomingofernandez\/wp-json\/wp\/v2\/media?parent=343"}],"wp:term":[{"taxonomy":"category","embeddable":true,"href":"https:\/\/blogs.hoy.es\/Juandomingofernandez\/wp-json\/wp\/v2\/categories?post=343"},{"taxonomy":"post_tag","embeddable":true,"href":"https:\/\/blogs.hoy.es\/Juandomingofernandez\/wp-json\/wp\/v2\/tags?post=343"}],"curies":[{"name":"wp","href":"https:\/\/api.w.org\/{rel}","templated":true}]}}