{"id":361,"date":"2013-02-01T21:38:41","date_gmt":"2013-02-01T20:38:41","guid":{"rendered":"http:\/\/blogs.hoy.es\/Juandomingofernandez\/?p=361"},"modified":"2013-02-01T21:38:41","modified_gmt":"2013-02-01T20:38:41","slug":"los-antiheroes","status":"publish","type":"post","link":"https:\/\/blogs.hoy.es\/Juandomingofernandez\/2013\/02\/01\/los-antiheroes\/","title":{"rendered":"Los antih\u00e9roes"},"content":{"rendered":"<p>Cuando muri\u00f3 \u2018<a href=\"http:\/\/es.wikipedia.org\/wiki\/Jon_Manteca\">el cojo Manteca<\/a>\u2019,\u00a0 a los 29 a\u00f1os de edad, <a href=\"http:\/\/www.fundacionmanuelalcantara.org\/\">Manuel Alc\u00e1ntara<\/a> escribi\u00f3 una columna con la que le reservaba plaza fija entre los inmortales de la marginalidad y los desplazados de la opulencia. En cierto modo, haber dado pie \u2013aunque solo fuera con uno\u2013 a esa obra genial del maestro Alc\u00e1ntara es tambi\u00e9n una forma de cumplir con el mundo, igual que justificaron su existencia, pongamos por caso, quienes inspiraron a personajes como la Celestina, L\u00e1zaro de Tormes o el busc\u00f3n llamado don Pablos.<br \/>\nA m\u00ed me parece una especie de redenci\u00f3n, de sublimaci\u00f3n, que personajes como aquel \u2018cojo Manteca\u2019 que tanto se afan\u00f3 en las manifestaciones estudiantiles de los a\u00f1os ochenta y que parec\u00eda abocado a una notoriedad ef\u00edmera y tangencial quede en la memoria colectiva aunque solo sea por el m\u00e1rmol glorioso de un obituario period\u00edstico. No necesit\u00f3 m\u00e1s. Igual que no lo necesitaron los bufones que pint\u00f3 Vel\u00e1zquez, acaso recordados y \u2018existentes\u2019 gracias al genio de su arte.<br \/>\nCada \u00e9poca genera sus \u2018desplazados de la normalidad\u2019, esos que constituyen las excepciones a la regla en el \u00e1mbito social, pol\u00edtico, cultural, profesional&#8230; La n\u00f3mina puede ser tan variopinta y abigarrada como una falla valenciana o una letra de carnaval. Imaginen juntos y revueltos en su apoteosis a los roldanes, a los dionis, a los cojos mantecas o a la caterva de nuestros queridos monstruos cebados en las pocilgas de la telebasura. \u00bfQui\u00e9n les inmortalizar\u00e1 en su condici\u00f3n de becados por esa Espa\u00f1a de charanga y pandereta que cant\u00f3 Machado?<br \/>\nMe gustar\u00eda conocer qu\u00e9 dir\u00e1n las cr\u00f3nicas futuras de los protagonistas y secundarios que trabajan en la compa\u00f1\u00eda G\u00fcrtel; qu\u00e9 dir\u00e1n de Luis B\u00e1rcenas, de I\u00f1aki Urdangar\u00edn, de Amy Martin y de los aspirantes que a\u00fan no ha debutado en el patio de Monipodio. Me gustar\u00eda conocer qu\u00e9 dir\u00e1n de ellos y de otros aparentemente prohombres de las finanzas que se han jugado y repartido la t\u00fanica del hombre de la calle y encima le han hecho pagar la madera donde le crujen y crucifican con la crisis.<br \/>\nA prop\u00f3sito del \u2018cojo Manteca\u2019 dec\u00eda Manuel Alc\u00e1ntara que un tiempo como el nuestro merec\u00eda un h\u00e9roe como \u00e9l. Llevaba raz\u00f3n, \u00bfpero qu\u00e9 modelo de h\u00e9roe nos reserva la actualidad? No lo quiero ni pensar. Lo malo de las malas hierbas es que adem\u00e1s de parasitar la buena cosecha enturbian el paisaje, afean la tierra com\u00fan. \u00a1Cu\u00e1nto tiempo perdido glosando las andanzas de quienes no merecen la atenci\u00f3n p\u00fablica!<br \/>\nEn su pelea con el mundo, se\u00f1alaba Manuel Alc\u00e1ntara, \u2018el cojo Manteca\u2019 \u00abenarbolaba sus muletas, que eran como la tizona y la colada de este campeador urbano y alcanzaba los m\u00e1s altos objetivos\u00bb. Vocacional y solitario \u2018kale borroka\u2019, \u00e9l atizaba a las farolas y a los escaparates a la luz del d\u00eda, a cara descubierta, dejando clara la autor\u00eda del estropicio. Y adem\u00e1s, como advert\u00eda en su \u2018R\u00e9quiem por El cojo Manteca\u2019 el maestro Alc\u00e1ntara, \u00abdesde Manolete nadie ha dado mejores muletazos por alto\u00bb. \u00bfPero qu\u00e9 dir\u00e1n las cr\u00f3nicas futuras de estos h\u00e9roes inversos de nuestros d\u00edas si buena parte de sus obras transcurren en la sombra y \u00fanicamente buscan el medro personal?<\/p>\n<!-- AddThis Advanced Settings generic via filter on the_content --><!-- AddThis Share Buttons generic via filter on the_content -->","protected":false},"excerpt":{"rendered":"<p>Cuando muri\u00f3 \u2018el cojo Manteca\u2019,\u00a0 a los 29 a\u00f1os de edad, Manuel Alc\u00e1ntara escribi\u00f3 una columna con la que le reservaba plaza fija entre los inmortales de la marginalidad y los desplazados de la opulencia. En cierto modo, haber dado pie \u2013aunque solo fuera con uno\u2013 a esa obra genial del maestro Alc\u00e1ntara es tambi\u00e9n [&hellip;]<!-- AddThis Advanced Settings generic via filter on get_the_excerpt --><!-- AddThis Share Buttons generic via filter on get_the_excerpt --><\/p>\n","protected":false},"author":13,"featured_media":0,"comment_status":"open","ping_status":"closed","sticky":false,"template":"","format":"standard","meta":[],"categories":[1],"tags":[69,249,287,297,562,615,773,794,826],"_links":{"self":[{"href":"https:\/\/blogs.hoy.es\/Juandomingofernandez\/wp-json\/wp\/v2\/posts\/361"}],"collection":[{"href":"https:\/\/blogs.hoy.es\/Juandomingofernandez\/wp-json\/wp\/v2\/posts"}],"about":[{"href":"https:\/\/blogs.hoy.es\/Juandomingofernandez\/wp-json\/wp\/v2\/types\/post"}],"author":[{"embeddable":true,"href":"https:\/\/blogs.hoy.es\/Juandomingofernandez\/wp-json\/wp\/v2\/users\/13"}],"replies":[{"embeddable":true,"href":"https:\/\/blogs.hoy.es\/Juandomingofernandez\/wp-json\/wp\/v2\/comments?post=361"}],"version-history":[{"count":0,"href":"https:\/\/blogs.hoy.es\/Juandomingofernandez\/wp-json\/wp\/v2\/posts\/361\/revisions"}],"wp:attachment":[{"href":"https:\/\/blogs.hoy.es\/Juandomingofernandez\/wp-json\/wp\/v2\/media?parent=361"}],"wp:term":[{"taxonomy":"category","embeddable":true,"href":"https:\/\/blogs.hoy.es\/Juandomingofernandez\/wp-json\/wp\/v2\/categories?post=361"},{"taxonomy":"post_tag","embeddable":true,"href":"https:\/\/blogs.hoy.es\/Juandomingofernandez\/wp-json\/wp\/v2\/tags?post=361"}],"curies":[{"name":"wp","href":"https:\/\/api.w.org\/{rel}","templated":true}]}}