{"id":367,"date":"2013-03-08T21:12:27","date_gmt":"2013-03-08T20:12:27","guid":{"rendered":"http:\/\/blogs.hoy.es\/Juandomingofernandez\/?p=367"},"modified":"2013-03-08T21:12:27","modified_gmt":"2013-03-08T20:12:27","slug":"lagrimas-e-incienso","status":"publish","type":"post","link":"https:\/\/blogs.hoy.es\/Juandomingofernandez\/2013\/03\/08\/lagrimas-e-incienso\/","title":{"rendered":"L\u00e1grimas e incienso"},"content":{"rendered":"<p>Ning\u00fan ant\u00eddoto mejor contra la vanidad del mundo que el paso del tiempo. Bien lo saben los habitantes de cualquier imperio, desde el romano hasta el sovi\u00e9tico. Cuenta Albert Djemal que al morir Stalin el diario \u2018Pravda\u2019 public\u00f3 un art\u00edculo transido de amor patrio hacia el h\u00e9roe nacional. \u00ab\u00a1Adi\u00f3s, padre! Adi\u00f3s, querido padre, al que amaremos hasta exhalar el \u00faltimo suspiro. \u00a1Cu\u00e1n grande es nuestra deuda contigo! T\u00fa estar\u00e1s siempre con nosotros y con aquellos que nacieron a la vida despu\u00e9s de nosotros. Oiremos tu voz en el estruendo rimado de las turbinas que animan las gigantescas centrales el\u00e9ctricas; en el paso cadencioso del invencible ej\u00e9rcito sovi\u00e9tico; en el ruido de las olas de mares creados por tu voluntad, y en el amor del follaje en las estepas arboladas que se extienden hasta el infinito\u00bb.<br \/>\nStalin muri\u00f3 en 1953 y apenas tres a\u00f1os despu\u00e9s su nombre y el de sus seguidores, estalinistas, eran sin\u00f3nimos de maldad, de dictadura y de barbarie. En la URSS y en el resto del mundo.<br \/>\nLejos de mi \u00e1nimo identificar a Hugo Ch\u00e1vez con el \u2018estalinismo\u2019 (a pesar de sus excesos para la considerada pr\u00e1ctica democr\u00e1tica convencional y sobre todo a pesar de los excesos que le atribuyeron quienes le bautizaron desde\u00f1osamente como el \u2018gorila rojo\u2019), pero las manifestaciones y proclamas p\u00fablicas tras su muerte est\u00e1n recorridas por la misma ret\u00f3rica altisonante que ilumina los responsos de los dictadores, de los caudillos y de los prohombres que se consideran salvapatrias.<br \/>\nEn el caso de Ch\u00e1vez no me sorprenden las muestras fervorosas de sus seguidores recogidas por la Prensa: \u00ab\u00a1De tus manos brota lluvia de vida, te amamos!\u00bb, sino las muestras pol\u00edticas del propio r\u00e9gimen prometi\u00e9ndole lealtad \u00abhasta m\u00e1s all\u00e1 de la muerte\u00bb. Seg\u00fan informa ABC, el ministro venezolano de Comunicaci\u00f3n, Ernesto Villegas, ha asegurado que tras la muerte de Ch\u00e1vez, lo que viene es \u00abm\u00e1s Ch\u00e1vez\u00bb. Y en declaraciones a la televisi\u00f3n estatal, Villegas aventur\u00f3 que dentro de 50 a\u00f1os los j\u00f3venes llevar\u00e1n camisetas con el rostro del l\u00edder bolivariano en se\u00f1al de rebeld\u00eda. No s\u00f3lo en Venezuela, tambi\u00e9n en Cuba, donde Ra\u00fal Castro le declar\u00f3 \u00abeterna lealtad\u00bb y el \u2018Granma\u2019 calificaba de \u00abirreversibles\u00bb las conquistas de su revoluci\u00f3n.<br \/>\nConfieso que en materia de reg\u00edmenes victoriosos soy doblemente descre\u00eddo y esc\u00e9ptico. Y tambi\u00e9n \u2018machadiano\u2019: \u00abno hay mal que cien a\u00f1os dure ni gobierno que perdure\u00bb. El destino de todas las estatuas es ser derribadas, antes o despu\u00e9s. Y ni siquiera los monumentos funerarios garantizan la paz eterna. A los espa\u00f1oles nos suena aquello de \u00abatado y bien atado\u00bb.\u00a0 Cada vez que presencio en los medios de comunicaci\u00f3n estas manifestaciones multitudinarias de dolor por el \u2018llorado l\u00edder\u2019 me acuerdo del cuento <a href=\"http:\/\/es.wikipedia.org\/wiki\/La_oveja_negra_y_dem%C3%A1s_f%C3%A1bulas\" target=\"_blank\">\u2018La oveja negra\u2019, de Monterroso<\/a>, y de la relaci\u00f3n de emperadores romanos que fueron convertidos en \u00eddolos y regular y sucesivamente pasados por las armas.<br \/>\nDec\u00eda Voltaire que a los vivos se les debe respeto, pero a los muertos tan solo verdad. Esa es la tarea que queda.<\/p>\n<!-- AddThis Advanced Settings generic via filter on the_content --><!-- AddThis Share Buttons generic via filter on the_content -->","protected":false},"excerpt":{"rendered":"<p>Ning\u00fan ant\u00eddoto mejor contra la vanidad del mundo que el paso del tiempo. Bien lo saben los habitantes de cualquier imperio, desde el romano hasta el sovi\u00e9tico. Cuenta Albert Djemal que al morir Stalin el diario \u2018Pravda\u2019 public\u00f3 un art\u00edculo transido de amor patrio hacia el h\u00e9roe nacional. \u00ab\u00a1Adi\u00f3s, padre! Adi\u00f3s, querido padre, al que [&hellip;]<!-- AddThis Advanced Settings generic via filter on get_the_excerpt --><!-- AddThis Share Buttons generic via filter on get_the_excerpt --><\/p>\n","protected":false},"author":13,"featured_media":0,"comment_status":"open","ping_status":"closed","sticky":false,"template":"","format":"standard","meta":[],"categories":[1],"tags":[441,549,591,761,866,1029,1216,1350],"_links":{"self":[{"href":"https:\/\/blogs.hoy.es\/Juandomingofernandez\/wp-json\/wp\/v2\/posts\/367"}],"collection":[{"href":"https:\/\/blogs.hoy.es\/Juandomingofernandez\/wp-json\/wp\/v2\/posts"}],"about":[{"href":"https:\/\/blogs.hoy.es\/Juandomingofernandez\/wp-json\/wp\/v2\/types\/post"}],"author":[{"embeddable":true,"href":"https:\/\/blogs.hoy.es\/Juandomingofernandez\/wp-json\/wp\/v2\/users\/13"}],"replies":[{"embeddable":true,"href":"https:\/\/blogs.hoy.es\/Juandomingofernandez\/wp-json\/wp\/v2\/comments?post=367"}],"version-history":[{"count":0,"href":"https:\/\/blogs.hoy.es\/Juandomingofernandez\/wp-json\/wp\/v2\/posts\/367\/revisions"}],"wp:attachment":[{"href":"https:\/\/blogs.hoy.es\/Juandomingofernandez\/wp-json\/wp\/v2\/media?parent=367"}],"wp:term":[{"taxonomy":"category","embeddable":true,"href":"https:\/\/blogs.hoy.es\/Juandomingofernandez\/wp-json\/wp\/v2\/categories?post=367"},{"taxonomy":"post_tag","embeddable":true,"href":"https:\/\/blogs.hoy.es\/Juandomingofernandez\/wp-json\/wp\/v2\/tags?post=367"}],"curies":[{"name":"wp","href":"https:\/\/api.w.org\/{rel}","templated":true}]}}