{"id":368,"date":"2013-03-15T21:09:35","date_gmt":"2013-03-15T20:09:35","guid":{"rendered":"http:\/\/blogs.hoy.es\/Juandomingofernandez\/?p=368"},"modified":"2013-03-15T21:09:35","modified_gmt":"2013-03-15T20:09:35","slug":"historia-renovada","status":"publish","type":"post","link":"https:\/\/blogs.hoy.es\/Juandomingofernandez\/2013\/03\/15\/historia-renovada\/","title":{"rendered":"Historia renovada"},"content":{"rendered":"<p>Aparte de las consabidas chanzas sobre Messi, Maradona y la proverbial fama de rollistas \u00bfviste? que se atribuye a los latinoch\u00e9s, la verdad es que buena parte del mundo mostr\u00f3 el pasado mi\u00e9rcoles a trav\u00e9s de los medios de comunicaci\u00f3n y de las redes sociales su inter\u00e9s por la elecci\u00f3n de un cardenal argentino nacido en 1936 que se ha convertido en el primer papa latinoamericano,  en el primer jesuita que llega al pontificado y en el primer sucesor de Pedro que opta por el nombre de un santo, Francisco, s\u00edmbolo de la pobreza y de la humildad.<br \/>\nTras conocerse la noticia, en las redes sociales triunfaban dos escuelas de monologuistas. La primera, la de los chistosos que\u00a0 recordaban a la pe\u00f1a la \u2018brasa\u2019 que suelen dar los argentinos hablando de psiquiatr\u00eda, de f\u00fatbol y de mujeres. La segunda, la de quienes expresaban su asombro (un poco con tono desganado, con fingida indiferencia) ante el \u2018inusitado\u2019 inter\u00e9s que despertaba la elecci\u00f3n de un papa entre personas te\u00f3ricamente alejadas de la condici\u00f3n de creyentes y del \u00e1mbito cat\u00f3lico.<br \/>\nOcurre que como es sabido, la elecci\u00f3n de Sumo Pont\u00edfice no es solo un acontecimiento religioso. El simple nombre de Roma simboliza mucho m\u00e1s que una fe y una tradici\u00f3n. Los or\u00edgenes de la Iglesia se remontan veinte siglos atr\u00e1s y se extienden, para lo bueno y para lo malo, sobre la historia de Europa y de los cinco continentes.<br \/>\nSeg\u00fan explicaba Indro Montanelli al relatar las vicisitudes de Roma tras el emperador Constantino, muchas de las estructuras de poder hasta entonces en manos de los prefectos, ya en declive, las asum\u00edan y desempe\u00f1aban mejor los obispos, que constitu\u00edan un poder paralelo al civil m\u00e1s efectivo, organizado y disciplinado que el de la antigua Roma. \u00abLa Iglesia era notoriamente\u00bb, escribe Montanelli, \u00abla heredera designada y natural del Imperio en colapso. Los hebreos le hab\u00edan dado una \u00e9tica; Grecia, una filosof\u00eda y Roma le estaba dando su lengua, su esp\u00edritu pr\u00e1ctico y organizador, su liturgia y su jerarqu\u00eda\u00bb. Quienes ayer se asombraban por la expectaci\u00f3n que despierta en el mundo la elecci\u00f3n de un nuevo papa deben tener en cuenta que ese ceremonial lo genera una instituci\u00f3n sustentada en los pilares b\u00e1sicos de la historia occidental: el pasado jud\u00edo, la sabidur\u00eda de Grecia y el poder de Roma.<br \/>\nLa grandeza lit\u00fargica de estos d\u00edas en el Vaticano trasciende lo acertado o no de la elecci\u00f3n que, por otra parte, \u00bfqui\u00e9n puede\u00a0 establecerla ahora? Va m\u00e1s all\u00e1 del \u2018argumento\u2019 de la obra, si cabe recurrir a tal analog\u00eda.\u00a0\u00a0 No atrae a las masas por la grandiosidad de la Capilla Sixtina y del propio Vaticano, ni por las resonancias del lat\u00edn. No atrae por el fulgor de la liturgia; ni por el atractivo misterioso e inquietante de la misi\u00f3n que se le encomienda a un hombre \u2013a un simple mortal\u2013 llamado a ser el siervo de los siervos de Dios. No atrae por nada de eso y por todo ello a la vez. La atracci\u00f3n seguir\u00e1 funcionando, deslumbrando al mundo, en sucesivos c\u00f3nclaves, a trav\u00e9s de los siglos, aunque cambien detalles escenogr\u00e1ficos, epid\u00e9rmicos, funcionales&#8230; Es la renovaci\u00f3n de una fe y de una instituci\u00f3n con larga historia.<\/p>\n<!-- AddThis Advanced Settings generic via filter on the_content --><!-- AddThis Share Buttons generic via filter on the_content -->","protected":false},"excerpt":{"rendered":"<p>Aparte de las consabidas chanzas sobre Messi, Maradona y la proverbial fama de rollistas \u00bfviste? que se atribuye a los latinoch\u00e9s, la verdad es que buena parte del mundo mostr\u00f3 el pasado mi\u00e9rcoles a trav\u00e9s de los medios de comunicaci\u00f3n y de las redes sociales su inter\u00e9s por la elecci\u00f3n de un cardenal argentino nacido [&hellip;]<!-- AddThis Advanced Settings generic via filter on get_the_excerpt --><!-- AddThis Share Buttons generic via filter on get_the_excerpt --><\/p>\n","protected":false},"author":13,"featured_media":0,"comment_status":"open","ping_status":"closed","sticky":false,"template":"","format":"standard","meta":[],"categories":[1],"tags":[192,275,502,550,578,620,650,734,764,926,958,1126,1150,1312],"_links":{"self":[{"href":"https:\/\/blogs.hoy.es\/Juandomingofernandez\/wp-json\/wp\/v2\/posts\/368"}],"collection":[{"href":"https:\/\/blogs.hoy.es\/Juandomingofernandez\/wp-json\/wp\/v2\/posts"}],"about":[{"href":"https:\/\/blogs.hoy.es\/Juandomingofernandez\/wp-json\/wp\/v2\/types\/post"}],"author":[{"embeddable":true,"href":"https:\/\/blogs.hoy.es\/Juandomingofernandez\/wp-json\/wp\/v2\/users\/13"}],"replies":[{"embeddable":true,"href":"https:\/\/blogs.hoy.es\/Juandomingofernandez\/wp-json\/wp\/v2\/comments?post=368"}],"version-history":[{"count":0,"href":"https:\/\/blogs.hoy.es\/Juandomingofernandez\/wp-json\/wp\/v2\/posts\/368\/revisions"}],"wp:attachment":[{"href":"https:\/\/blogs.hoy.es\/Juandomingofernandez\/wp-json\/wp\/v2\/media?parent=368"}],"wp:term":[{"taxonomy":"category","embeddable":true,"href":"https:\/\/blogs.hoy.es\/Juandomingofernandez\/wp-json\/wp\/v2\/categories?post=368"},{"taxonomy":"post_tag","embeddable":true,"href":"https:\/\/blogs.hoy.es\/Juandomingofernandez\/wp-json\/wp\/v2\/tags?post=368"}],"curies":[{"name":"wp","href":"https:\/\/api.w.org\/{rel}","templated":true}]}}