{"id":373,"date":"2013-03-29T21:44:23","date_gmt":"2013-03-29T20:44:23","guid":{"rendered":"http:\/\/blogs.hoy.es\/Juandomingofernandez\/?p=373"},"modified":"2013-03-29T21:44:23","modified_gmt":"2013-03-29T20:44:23","slug":"a-la-luz-de-la-pintura","status":"publish","type":"post","link":"https:\/\/blogs.hoy.es\/Juandomingofernandez\/2013\/03\/29\/a-la-luz-de-la-pintura\/","title":{"rendered":"A la luz de la pintura"},"content":{"rendered":"<p>Hace pocos d\u00edas visit\u00e9 en Madrid una doble exposici\u00f3n organizada por la Fundaci\u00f3n Mapfre sobre los \u2018Impresionistas y postimpresionistas\u2019, con obras maestras del Museo D\u2019Orsay, y otra titulada \u2018Luces de bohemia\u2019, acerca de la presencia de los gitanos en el arte y la definici\u00f3n del mundo moderno. No quiero abordar aqu\u00ed la emoci\u00f3n que produce contemplar de cerca un pu\u00f1ado de cuadros de Van Gogh \u2013entre ellos alguno de sus incontables autorretratos\u2013, las genialidades del C\u00e9zanne de \u2018Bodeg\u00f3n con cebollas\u2019 o varias obras fundacionales de Monet, Renoir, Toulouse-Lautrec, Signac, Gauguin o Pisarro. No quiero tampoco aburrirles subrayando el placer que produce la contemplaci\u00f3n de otras muchas obras maestras (desde el \u2018Autorretrato ante el caballete\u2019 de Goya, que parece pintado ahora mismo, hasta \u2018Un par de botas\u2019, de Van Gogh, o el peque\u00f1o autorretrato a tinta china de Baudelaire) entre otros motivos porque ambas exposiciones (con entrada gratuita) permanecen abiertas en las Salas Recoletos hasta el 5 de mayo.<\/p>\n<p>De lo que quiero hablarles es de dos aspectos, quiz\u00e1s anecd\u00f3ticos, que descubr\u00ed durante el recorrido por las muestras. Pong\u00e1monos en situaci\u00f3n. Visitantes desfilando ante los cuadros y que pocas veces se detienen. Pero ante alguna de las obras, una joven profesora sienta a un grupo de ocho o diez ni\u00f1os de primaria y les adentra, con preguntas y sugerencias muy inteligentes, en la atm\u00f3sfera y el universo del\u00a0 cuadro elegido. Qu\u00e9 envidia, pienso para m\u00ed, acceder a la comprensi\u00f3n y al disfrute del arte mediante esa v\u00eda. A ratos el verdadero espect\u00e1culo es el c\u00edrculo que forman la profesora y sus peque\u00f1os alumnos. Muchos espectadores lo confirman siguiendo, embobados, las explicaciones de la maestra y las respuestas, llenas de ingenuidad y tambi\u00e9n de sentido com\u00fan de los peque\u00f1ajos.<\/p>\n<p>Segundo acto. Al fondo de unas de las salas, el famoso cuadro <a href=\"http:\/\/commons.wikimedia.org\/wiki\/File:Henri_Fantin-Latour_005.jpg\" target=\"_blank\">\u2018Un rinc\u00f3n de mesa\u2019, de Henri Fantin-Latur<\/a>, cubre casi toda la pared. A la izquierda, en la parte inferior, Paul Verlaine y Arthur Rimbaud parecen mirar, ajenos al grupo, sus propios pensamientos. Tal vez el ensimismamiento de los geniales y\u00a0 \u2018malditos\u2019 poetas franceses me induce a plantearme otras preguntas. \u00bfPor qu\u00e9 ha desaparecido el motivo \u2018retrato de grupo literario\u2019 en la pintura contempor\u00e1nea? \u00bfPor qu\u00e9 los pintores siguen pintando por ejemplo marinas, bodegones o praderas con monta\u00f1as y pajaritos pero ya no pintan a escritores o a artistas formando un grupo? \u00bfDespu\u00e9s de \u2018La tertulia del Caf\u00e9 Pombo\u2019 de Guti\u00e9rrez Solana, ha desaparecido el g\u00e9nero, al menos en Espa\u00f1a? \u00bfLa liquidaci\u00f3n hay que atribu\u00edrsela a la popularizaci\u00f3n de la fotograf\u00eda o a la imposibilidad de reunir a m\u00e1s de dos escritores hermanados para la posteridad? Exceptuando alguna inusual fotograf\u00eda en los reportajes \u2018generacionales\u2019 que a veces publican los suplementos literarios de los peri\u00f3dicos, no recuerdo ninguna imagen contempor\u00e1nea que pueda equipararse a \u2018Un rinc\u00f3n de mesa\u2019 de Fantin-Latur. Sigo con mis cavilaciones. Tengo que preguntar por el asunto a mis amigos escritores y pintores. Igual pueden aclar\u00e1rmelo.<\/p>\n<p>&nbsp;<\/p>\n<!-- AddThis Advanced Settings generic via filter on the_content --><!-- AddThis Share Buttons generic via filter on the_content -->","protected":false},"excerpt":{"rendered":"<p>Hace pocos d\u00edas visit\u00e9 en Madrid una doble exposici\u00f3n organizada por la Fundaci\u00f3n Mapfre sobre los \u2018Impresionistas y postimpresionistas\u2019, con obras maestras del Museo D\u2019Orsay, y otra titulada \u2018Luces de bohemia\u2019, acerca de la presencia de los gitanos en el arte y la definici\u00f3n del mundo moderno. No quiero abordar aqu\u00ed la emoci\u00f3n que produce [&hellip;]<!-- AddThis Advanced Settings generic via filter on get_the_excerpt --><!-- AddThis Share Buttons generic via filter on get_the_excerpt --><\/p>\n","protected":false},"author":13,"featured_media":0,"comment_status":"open","ping_status":"closed","sticky":false,"template":"","format":"standard","meta":[],"categories":[1],"tags":[103,180,223,403,514,528,543,573,763,865,883,998,1003,1097,1116,1186,1273,1308,1320],"_links":{"self":[{"href":"https:\/\/blogs.hoy.es\/Juandomingofernandez\/wp-json\/wp\/v2\/posts\/373"}],"collection":[{"href":"https:\/\/blogs.hoy.es\/Juandomingofernandez\/wp-json\/wp\/v2\/posts"}],"about":[{"href":"https:\/\/blogs.hoy.es\/Juandomingofernandez\/wp-json\/wp\/v2\/types\/post"}],"author":[{"embeddable":true,"href":"https:\/\/blogs.hoy.es\/Juandomingofernandez\/wp-json\/wp\/v2\/users\/13"}],"replies":[{"embeddable":true,"href":"https:\/\/blogs.hoy.es\/Juandomingofernandez\/wp-json\/wp\/v2\/comments?post=373"}],"version-history":[{"count":0,"href":"https:\/\/blogs.hoy.es\/Juandomingofernandez\/wp-json\/wp\/v2\/posts\/373\/revisions"}],"wp:attachment":[{"href":"https:\/\/blogs.hoy.es\/Juandomingofernandez\/wp-json\/wp\/v2\/media?parent=373"}],"wp:term":[{"taxonomy":"category","embeddable":true,"href":"https:\/\/blogs.hoy.es\/Juandomingofernandez\/wp-json\/wp\/v2\/categories?post=373"},{"taxonomy":"post_tag","embeddable":true,"href":"https:\/\/blogs.hoy.es\/Juandomingofernandez\/wp-json\/wp\/v2\/tags?post=373"}],"curies":[{"name":"wp","href":"https:\/\/api.w.org\/{rel}","templated":true}]}}