{"id":374,"date":"2013-04-05T19:51:56","date_gmt":"2013-04-05T18:51:56","guid":{"rendered":"http:\/\/blogs.hoy.es\/Juandomingofernandez\/?p=374"},"modified":"2013-04-05T19:51:56","modified_gmt":"2013-04-05T18:51:56","slug":"la-fama-y-la-gloria","status":"publish","type":"post","link":"https:\/\/blogs.hoy.es\/Juandomingofernandez\/2013\/04\/05\/la-fama-y-la-gloria\/","title":{"rendered":"La fama y la gloria"},"content":{"rendered":"<p>Si es cierta la famosa copla de Manuel Machado: <em>\u00abHasta que el pueblo las canta, \/ las coplas, coplas no son, \/ y cuando las canta el pueblo \/ ya nadie sabe el autor\u00bb<\/em>, deberemos concluir que la gloria de ciertas obras del \u00e1mbito literario van unidas a la idea de anonimato o, mejor, al hecho de haber sido asimiladas, incorporadas a la memoria colectiva como un producto aut\u00e9nticamente popular, fruto de una comunidad antes que del genio de un individuo. De ah\u00ed la recomendaci\u00f3n con que Manuel Machado concluye esos versos: <em>\u00abProcura t\u00fa que tus coplas \/ vayan al pueblo a parar, \/ aunque dejen de ser tuyas \/ para ser de los dem\u00e1s. \/ Que, al fundir el coraz\u00f3n \/ en el alma popular, \/ lo que se pierde de nombre\/ se gana de eternidad\u00bb<\/em>.<br \/>\nEn el \u00e1mbito de la pintura supongo que tambi\u00e9n se produce ese fen\u00f3meno desde el momento en que comienza a popularizarse, con los avances de las artes gr\u00e1ficas, la reproducci\u00f3n de grandes obras, aunque me cuesta creer que alguien admire la Gioconda, el Guernica o las Meninas ignorando que son obras de Leonardo, de Picasso y de Vel\u00e1zquez. De todas formas, quienes durante d\u00e9cadas para decorar sus casas en Espa\u00f1a recurr\u00edan a enmarcar l\u00e1minas con paisajes impresionistas, escenas rom\u00e1nticas o motivos b\u00edblicos que les resultaban atractivas, de su gusto por las obras en s\u00ed, no por el nombre o la fama del autor, en el fondo no hac\u00edan otra cosa que confirmar el \u2018principio\u2019 machadiano de la gloria popular.<br \/>\nTambi\u00e9n existen otros baremos para medir la gloria, desde luego. Por ejemplo, que tus cuadros, que gozan de fama y popularidad por haber sido reproducidos masivamente se conviertan, adem\u00e1s, en sellos de Correos. Es lo que ha sucedido con cuatro obras del pintor y escultor <a href=\"http:\/\/es.wikipedia.org\/wiki\/Antonio_L%C3%B3pez_Garc%C3%ADa\" target=\"_blank\">Antonio L\u00f3pez<\/a> (Tomelloso, 1936), al que se homenajea ahora con una <a href=\"http:\/\/www.google.es\/imgres?imgurl=http:\/\/entomelloso.com\/wp-content\/uploads\/2013\/03\/sellos.jpg&#038;imgrefurl=http:\/\/entomelloso.com\/la-pintura-de-antonio-lopez-recorrera-el-mundo-gracias-a-cuatro-sellos\/&#038;h=352&#038;w=350&#038;sz=45&#038;tbnid=z3AKotZtNmYk2M:&#038;tbnh=90&#038;tbnw=89&#038;zoom=1&#038;usg=__khXy7lvxhwI-VXuMa3YimuC3ypM=&#038;docid=Ws5fb_kuqopXBM&#038;hl=es&#038;sa=X&#038;ei=pRtfUZmwHdCO7QaJ_YGwCw&#038;ved=0CFcQ9QEwBw&#038;dur=566\" target=\"_blank\">hoja bloque de sellos<\/a> dedicada al arte contempor\u00e1neo. Se trata de cuatro obras: \u2018Gran V\u00eda\u2019 (1974-1981), \u2018Lavabo y espejo\u2019 (1967), \u2018Nevera nueva\u2019 (1991-1994) y <a href=\"http:\/\/www.elpais.com\/especial\/antonio-lopez\/exposicion.html\" target=\"_blank\">\u2018Casa de Antonio L\u00f3pez Torres\u2019<\/a> (1972-1980), esta \u00faltima un extraordinario dibujo a l\u00e1piz en el que aparece la imagen de su <a href=\"http:\/\/es.wikipedia.org\/wiki\/Antonio_L%C3%B3pez_Torres\" target=\"_blank\">t\u00edo<\/a> dentro de una casa con suelos de baldos\u00edn, una vieja l\u00e1mpara y un viejo aparador.<br \/>\nEn el primero de los cuadros, <a href=\"http:\/\/elpais.com\/diario\/2010\/04\/04\/madrid\/1270380254_850215.html\" target=\"_blank\">\u2018Gran V\u00eda\u2019<\/a>, Antonio L\u00f3pez trabaj\u00f3 durante cinco veranos y seg\u00fan \u00e9l mismo ha contado se levantaba de madrugada para situar el caballete en ese famoso tramo de la v\u00eda madrile\u00f1a y captar la luz del amanecer. Un cuadro de una belleza inquietante, compleja, que trasciende la simple visi\u00f3n fotogr\u00e1fica, que se ha reproducido en miles de ocasiones y que se ha convertido tambi\u00e9n en un icono de Madrid.<br \/>\n\u00bfQu\u00e9 mayor gloria para un artista vivo que comprobar c\u00f3mo sus obras \u2013ya de por s\u00ed famosas y apreciadas\u2013 sirven para ilustrar los sellos de Correos? Y m\u00e1s en una \u00e9poca en que los env\u00edos postales, las cartas de sobre, papel y cartero de toda la vida est\u00e1n a la defensiva tras los navajeos de la galaxia digital a la galaxia Gutenberg. Los sellos tienen un valor postal de 0,52 euros y la tirada ha sido de 280.000 hojas bloque. As\u00ed que por ese dinero, \u00bfqui\u00e9n no tiene cuatro antoniol\u00f3pez en casa, aunque sean de Correos?<\/p>\n<!-- AddThis Advanced Settings generic via filter on the_content --><!-- AddThis Share Buttons generic via filter on the_content -->","protected":false},"excerpt":{"rendered":"<p>Si es cierta la famosa copla de Manuel Machado: \u00abHasta que el pueblo las canta, \/ las coplas, coplas no son, \/ y cuando las canta el pueblo \/ ya nadie sabe el autor\u00bb, deberemos concluir que la gloria de ciertas obras del \u00e1mbito literario van unidas a la idea de anonimato o, mejor, al [&hellip;]<!-- AddThis Advanced Settings generic via filter on get_the_excerpt --><!-- AddThis Share Buttons generic via filter on get_the_excerpt --><\/p>\n","protected":false},"author":13,"featured_media":0,"comment_status":"open","ping_status":"closed","sticky":false,"template":"","format":"standard","meta":[],"categories":[1],"tags":[57,84,85,103,285,464,539,763,798,998,1170],"_links":{"self":[{"href":"https:\/\/blogs.hoy.es\/Juandomingofernandez\/wp-json\/wp\/v2\/posts\/374"}],"collection":[{"href":"https:\/\/blogs.hoy.es\/Juandomingofernandez\/wp-json\/wp\/v2\/posts"}],"about":[{"href":"https:\/\/blogs.hoy.es\/Juandomingofernandez\/wp-json\/wp\/v2\/types\/post"}],"author":[{"embeddable":true,"href":"https:\/\/blogs.hoy.es\/Juandomingofernandez\/wp-json\/wp\/v2\/users\/13"}],"replies":[{"embeddable":true,"href":"https:\/\/blogs.hoy.es\/Juandomingofernandez\/wp-json\/wp\/v2\/comments?post=374"}],"version-history":[{"count":0,"href":"https:\/\/blogs.hoy.es\/Juandomingofernandez\/wp-json\/wp\/v2\/posts\/374\/revisions"}],"wp:attachment":[{"href":"https:\/\/blogs.hoy.es\/Juandomingofernandez\/wp-json\/wp\/v2\/media?parent=374"}],"wp:term":[{"taxonomy":"category","embeddable":true,"href":"https:\/\/blogs.hoy.es\/Juandomingofernandez\/wp-json\/wp\/v2\/categories?post=374"},{"taxonomy":"post_tag","embeddable":true,"href":"https:\/\/blogs.hoy.es\/Juandomingofernandez\/wp-json\/wp\/v2\/tags?post=374"}],"curies":[{"name":"wp","href":"https:\/\/api.w.org\/{rel}","templated":true}]}}