{"id":38,"date":"2006-05-08T00:13:19","date_gmt":"2006-05-08T00:13:19","guid":{"rendered":"http:\/\/blogs.hoy.es\/Juandomingofernandez\/?p=38"},"modified":"2006-05-08T00:13:19","modified_gmt":"2006-05-08T00:13:19","slug":"acerca-la-columna","status":"publish","type":"post","link":"https:\/\/blogs.hoy.es\/Juandomingofernandez\/2006\/05\/08\/acerca-la-columna\/","title":{"rendered":"Acerca de la columna"},"content":{"rendered":"<p><P class=MsoNormal style=\"MARGIN: 0in 0in 0pt\"><SPAN lang=ES-TRAD><FONT face=Times size=3>A mi hija le piden en su Facultad que presente un trabajo relacionado indirectamente con el Periodismo y a m\u00ed me toca, ?para garantizarme que en el futuro la residencia de ancianos en la que me aparque, no sea de las m\u00e1s baratas? me toca, digo, colaborar con ella facilit\u00e1ndole unas pocas ideas para ese trabajo.<\/FONT><\/SPAN><\/P><P class=MsoNormal style=\"MARGIN: 0in 0in 0pt\"><SPAN lang=ES-TRAD><FONT face=Times size=3>Aprovechando el encargo, traigo aqu\u00ed<SPAN style=\"mso-spacerun: yes\">&nbsp; <\/SPAN>las notas que le he remitido sobre el periodismo ?o mejor, sobre las columnas de opini\u00f3n, no sobre el trabajo informativo? y as\u00ed mato dos p\u00e1jaros de un tiro (quiero decir que cumplo con dos obligaciones a la vez).<\/FONT><\/SPAN><\/P><P class=MsoNormal style=\"MARGIN: 0in 0in 0pt\"><SPAN lang=ES-TRAD><FONT face=Times size=3>Una columna no tiene por qu\u00e9 ser un editorial, aunque en ella puede decirse lo que se piensa y m\u00e1s (\u00a1oh!, gran Quevedo) si adem\u00e1s lo que se dice es en lo que cree el autor. Una columna no es una novela, pero entre sus l\u00edneas puede arraigar la semilla de la historia humana m\u00e1s emocionante. Una columna de opini\u00f3n no es una balanza, pero puede facilitarnos el peso de las cosas que importan. Una columna no puede ser tan s\u00f3lo un l\u00e1tigo, pero tampoco puede limitarse a ser un incensario, o un ambientador de interiores. Una columna de peri\u00f3dico no puede quedarse en nariz de payaso ni en anuncio de funeraria. Una columna no es una oraci\u00f3n, ni un poema, ni una caja de m\u00fasica, aunque en su interior pueda escucharse el mar como en una caracola o a veces nos haga llorar como s\u00f3lo saben hacerlo los poetas. Recuerda que una columna no es un p\u00falpito, ni un karaoke, ni una ventanilla de cobro. Sobre todo no es (en estos tiempos malos para la l\u00edrica y para la \u00e9pica) una ventanilla de cobro.<\/FONT><\/SPAN><\/P><P class=MsoNormal style=\"MARGIN: 0in 0in 0pt\"><SPAN lang=ES-TRAD><FONT face=Times size=3>A los pocos d\u00edas mi hija me envi\u00f3 un correo electr\u00f3nico d\u00e1ndome las gracias, de forma escueta: \u00abOk, Pap\u00e1. El informe te ha salido algo h\u00edbrido entre c\u00f3digo deontol\u00f3gico y consejos de Kalil Gibran, pero me viene de perlas&#8230; Mejoran las expectativas para tu futura residencia. Besos\u00bb.<\/FONT><\/SPAN><\/P><\/p>\n<!-- AddThis Advanced Settings generic via filter on the_content --><!-- AddThis Share Buttons generic via filter on the_content -->","protected":false},"excerpt":{"rendered":"<p>A mi hija le piden en su Facultad que presente un trabajo relacionado indirectamente con el Periodismo y a m\u00ed me toca, ?para garantizarme que en el futuro la residencia de ancianos en la que me aparque, no sea de las m\u00e1s baratas? me toca, digo, colaborar con ella facilit\u00e1ndole unas pocas ideas para ese [&hellip;]<!-- AddThis Advanced Settings generic via filter on get_the_excerpt --><!-- AddThis Share Buttons generic via filter on get_the_excerpt --><\/p>\n","protected":false},"author":13,"featured_media":0,"comment_status":"open","ping_status":"closed","sticky":false,"template":"","format":"standard","meta":[],"categories":[2],"tags":[],"_links":{"self":[{"href":"https:\/\/blogs.hoy.es\/Juandomingofernandez\/wp-json\/wp\/v2\/posts\/38"}],"collection":[{"href":"https:\/\/blogs.hoy.es\/Juandomingofernandez\/wp-json\/wp\/v2\/posts"}],"about":[{"href":"https:\/\/blogs.hoy.es\/Juandomingofernandez\/wp-json\/wp\/v2\/types\/post"}],"author":[{"embeddable":true,"href":"https:\/\/blogs.hoy.es\/Juandomingofernandez\/wp-json\/wp\/v2\/users\/13"}],"replies":[{"embeddable":true,"href":"https:\/\/blogs.hoy.es\/Juandomingofernandez\/wp-json\/wp\/v2\/comments?post=38"}],"version-history":[{"count":0,"href":"https:\/\/blogs.hoy.es\/Juandomingofernandez\/wp-json\/wp\/v2\/posts\/38\/revisions"}],"wp:attachment":[{"href":"https:\/\/blogs.hoy.es\/Juandomingofernandez\/wp-json\/wp\/v2\/media?parent=38"}],"wp:term":[{"taxonomy":"category","embeddable":true,"href":"https:\/\/blogs.hoy.es\/Juandomingofernandez\/wp-json\/wp\/v2\/categories?post=38"},{"taxonomy":"post_tag","embeddable":true,"href":"https:\/\/blogs.hoy.es\/Juandomingofernandez\/wp-json\/wp\/v2\/tags?post=38"}],"curies":[{"name":"wp","href":"https:\/\/api.w.org\/{rel}","templated":true}]}}