{"id":383,"date":"2013-04-19T19:17:22","date_gmt":"2013-04-19T18:17:22","guid":{"rendered":"http:\/\/blogs.hoy.es\/Juandomingofernandez\/?p=383"},"modified":"2013-04-19T19:17:22","modified_gmt":"2013-04-19T18:17:22","slug":"no-mas-piedades","status":"publish","type":"post","link":"https:\/\/blogs.hoy.es\/Juandomingofernandez\/2013\/04\/19\/no-mas-piedades\/","title":{"rendered":"No m\u00e1s &#039;piedades&#039;"},"content":{"rendered":"<p>Pocas im\u00e1genes m\u00e1s conmovedoras que la de ese<a href=\"http:\/\/www.hoy.es\/v\/20130417\/sociedad\/piedad-brabo-20130417.html\" target=\"_blank\"> padre<\/a> en cuclillas, vencido por el dolor y el llanto, sosteniendo sobre sus piernas el cuerpo del peque\u00f1o hijo muerto cerca del hospital de Alepo, en Siria, que le ha valido un premio Pulitzer 2013 al fotoperiodista espa\u00f1ol Manu Brabo, de Associated Press. La fotograf\u00eda me ha recordado otra que se produjo en la Franja de Gaza el a\u00f1o 2000 durante la segunda \u2018intifada\u2019 y que se convirti\u00f3 inmediatamente en un icono del conflicto que enfrenta desde hace d\u00e9cadas a palestinos e israel\u00edes. Pido perd\u00f3n por la autocita, pero a ra\u00edz de aquella imagen que sacudi\u00f3 el coraz\u00f3n de millones de espectadores y de lectores en todo el mundo publiqu\u00e9 en una secci\u00f3n de este diario, \u2018El Alambique\u2019 \u2013que entonces firmaba con el seud\u00f3nimo de Trist\u00e1n Buend\u00eda\u2013 un art\u00edculo titulado: \u00abLa nueva \u2018Piedad\u2019 en Jerusal\u00e9n\u00bb. Era un desahogo personal, una muestra de indignaci\u00f3n y de tristeza ante el rostro alucinado del horror que sacud\u00eda a aquel padre, Yamal, intentando proteger con el \u00fanico escudo de unos brazos escu\u00e1lidos a su hijo <a href=\"https:\/\/www.google.es\/search?q=muhammad+al+dura&#038;hl=es&#038;tbm=isch&#038;tbo=u&#038;source=univ&#038;sa=X&#038;ei=8ohxUcuMDoWohAeOmoCoAg&#038;ved=0CEQQsAQ&#038;biw=1280&#038;bih=861\" target=\"_blank\">Muhammad Al-Dura<\/a>, de 12 a\u00f1os de edad, ante la lluvia enloquecida de balas que acab\u00f3 con sus vidas.<br \/>\n\u00abLa m\u00e1quina trituradora de la actualidad\u00bb, reflexionaba entonces, \u00abconvertir\u00e1 sus nombres dentro de pocos d\u00edas en dos min\u00fasculas sombras, casi invisibles, en el bosque del olvido. Pero en mi \u00e1lbum sus im\u00e1genes amanecer\u00e1n a diario, congeladas, con esa expresi\u00f3n de p\u00e1nico y horror que compone la desventura de un padre condenado a ver morir a su peque\u00f1o hijo antes de que otras balas asesinas acaben con su propio sufrimiento. Cada vez soy m\u00e1s pacifista\u00bb, a\u00f1ad\u00eda. \u00abY cada d\u00eda m\u00e1s convencido, como Lanza del Vasto, el disc\u00edpulo de Gandhi, de que Dios dijo: \u2018No matar\u00e1s\u2019, y lo escribi\u00f3 en una piedra, sin m\u00e1rgenes al lado para que el hombre no hiciera comentarios\u00bb.<br \/>\nUna docena de a\u00f1os despu\u00e9s\u00a0 la guerra de Siria reedita esa \u2018piedad\u2019 insufrible y despiadada que refleja la fotograf\u00eda de Manu Brabo. Otra vez el absurdo de la muerte. De un padre acunando en su regazo el cad\u00e1ver ensangrentado del hijo. Una escena doblemente \u2018antinatural\u2019, que atenta contra el instinto de la vida y contra los valores consustanciales a cualquier comunidad, incluso la m\u00e1s b\u00e1rbara y primaria.<br \/>\nPor desgracia, no me equivoqu\u00e9 en 2000 cuando supuse que la serie fotogr\u00e1fica (extra\u00edda de una grabaci\u00f3n que emiti\u00f3 el canal France 2) sobre la muerte de Yamal y de su hijo Muhammad Al-Dura ser\u00eda devorada irremisiblemente por la m\u00e1quina trituradora de la actualidad. La historia se repite en cada guerra, al margen de las razones que esgriman los contendientes. Aquella constataci\u00f3n de Marx en el plano de las revoluciones sociales: \u00abLa violencia es la partera de la historia\u00bb no parece que lleve camino de ser desmentida por los hechos. Basta reparar en algunos conflictos de las \u2018primaveras \u00e1rabes\u2019 o de car\u00e1cter \u00e9tnico en \u00c1frica. Dec\u00eda Lanza del Vasto que \u00abning\u00fan conflicto se resuelve por la violencia porque la violencia es el conflicto mismo\u00bb. Quiero huir del pesimismo y creer que tal ense\u00f1anza acabar\u00e1 prendiendo en el coraz\u00f3n de los hombres.<\/p>\n<!-- AddThis Advanced Settings generic via filter on the_content --><!-- AddThis Share Buttons generic via filter on the_content -->","protected":false},"excerpt":{"rendered":"<p>Pocas im\u00e1genes m\u00e1s conmovedoras que la de ese padre en cuclillas, vencido por el dolor y el llanto, sosteniendo sobre sus piernas el cuerpo del peque\u00f1o hijo muerto cerca del hospital de Alepo, en Siria, que le ha valido un premio Pulitzer 2013 al fotoperiodista espa\u00f1ol Manu Brabo, de Associated Press. La fotograf\u00eda me ha [&hellip;]<!-- AddThis Advanced Settings generic via filter on get_the_excerpt --><!-- AddThis Share Buttons generic via filter on get_the_excerpt --><\/p>\n","protected":false},"author":13,"featured_media":0,"comment_status":"open","ping_status":"closed","sticky":false,"template":"","format":"standard","meta":[],"categories":[1],"tags":[15,33,51,110,507,525,556,641,731,793,879,914,995,1037,1190],"_links":{"self":[{"href":"https:\/\/blogs.hoy.es\/Juandomingofernandez\/wp-json\/wp\/v2\/posts\/383"}],"collection":[{"href":"https:\/\/blogs.hoy.es\/Juandomingofernandez\/wp-json\/wp\/v2\/posts"}],"about":[{"href":"https:\/\/blogs.hoy.es\/Juandomingofernandez\/wp-json\/wp\/v2\/types\/post"}],"author":[{"embeddable":true,"href":"https:\/\/blogs.hoy.es\/Juandomingofernandez\/wp-json\/wp\/v2\/users\/13"}],"replies":[{"embeddable":true,"href":"https:\/\/blogs.hoy.es\/Juandomingofernandez\/wp-json\/wp\/v2\/comments?post=383"}],"version-history":[{"count":0,"href":"https:\/\/blogs.hoy.es\/Juandomingofernandez\/wp-json\/wp\/v2\/posts\/383\/revisions"}],"wp:attachment":[{"href":"https:\/\/blogs.hoy.es\/Juandomingofernandez\/wp-json\/wp\/v2\/media?parent=383"}],"wp:term":[{"taxonomy":"category","embeddable":true,"href":"https:\/\/blogs.hoy.es\/Juandomingofernandez\/wp-json\/wp\/v2\/categories?post=383"},{"taxonomy":"post_tag","embeddable":true,"href":"https:\/\/blogs.hoy.es\/Juandomingofernandez\/wp-json\/wp\/v2\/tags?post=383"}],"curies":[{"name":"wp","href":"https:\/\/api.w.org\/{rel}","templated":true}]}}