{"id":39,"date":"2006-05-18T08:39:07","date_gmt":"2006-05-18T08:39:07","guid":{"rendered":"http:\/\/blogs.hoy.es\/Juandomingofernandez\/?p=39"},"modified":"2006-05-18T08:39:07","modified_gmt":"2006-05-18T08:39:07","slug":"al-fuego","status":"publish","type":"post","link":"https:\/\/blogs.hoy.es\/Juandomingofernandez\/2006\/05\/18\/al-fuego\/","title":{"rendered":"Al fuego"},"content":{"rendered":"<p><P class=MsoNormal style=\"MARGIN: 0in 0in 0pt\"><SPAN lang=ES-TRAD><FONT face=Times size=3>Llevo a\u00f1os pensando en ordenar papeles para rastrillar la maleza de los recuerdos. Desde la librer\u00eda, un peque\u00f1o cartel me conmina como un Pepito Grillo<SPAN style=\"mso-spacerun: yes\">&nbsp;&nbsp; <\/SPAN>burl\u00f3n y descre\u00eddo: \u00abTengo que organizarme, un d\u00eda de estos empiezo\u00bb. Me he convencido de que ese d\u00eda es hoy.<\/FONT><\/SPAN><\/P><P class=MsoNormal style=\"MARGIN: 0in 0in 0pt\"><SPAN lang=ES-TRAD><FONT face=Times size=3>Hay montones de papeles viejos, recortes, notas manuscritas, alguna cinta de grabadora, fotos, libros&#8230; Esto no vale, ni aqu\u00e9llo, ni lo de m\u00e1s all\u00e1. Entre los primeros sarmientos de los que me desprendo para quemar en la vi\u00f1a de descartes, una vieja entrevista con Francisco P\u00e9rez Mart\u00ednez (nombre real del escritor Francisco Umbral) del que se\u00f1al\u00e9 en aquella ocasi\u00f3n ?aparte de ese nombre de su DNI y varios elogios? que ten\u00eda una voz \u00abcomo de gallareta\u00bb. Por un amigo com\u00fan me enter\u00e9 despu\u00e9s que aquella apreciaci\u00f3n m\u00eda acerca del tono de su voz no le hab\u00eda gustado al popular memorialista, que se despach\u00f3 con un manojo de exclamaciones poco consideradas para con mi familia.<\/FONT><\/SPAN><\/P><P class=MsoNormal style=\"MARGIN: 0in 0in 0pt\"><SPAN lang=ES-TRAD><FONT face=Times size=3>Tambi\u00e9n remito hacia el olvido unos cuantos &#8216;descartes&#8217; de otra entrevista con Caballero Bonald, cuyas apreciaciones (conservo la cinta) sobre Cabrera Infante y Ernesto S\u00e1bado, a los que se refiere como \u00ablos segundones del boom\u00bb, son tambi\u00e9n poco piadosas. Confieso<SPAN style=\"mso-spacerun: yes\">&nbsp; <\/SPAN>que decido desprenderme de esos juicios despectivos tras leer el primer tomo de sus memorias, &#8216;Tiempo de guerras perdidas&#8217;, donde la realidad y la visi\u00f3n que el jerezano da de ella, parece que no son de la misma familia. Yo titul\u00e9 aquella entrevista con una frase del propio Caballero Bonald que bien podr\u00eda ser el emblema de sus memorias: \u00abHay que deformar un poco la realidad para que tenga valor art\u00edstico\u00bb. Ocurre que una cosa es deformar la realidad y otra ignorarla directamente, anti Herodoto Bonald.<\/FONT><\/SPAN><\/P><P class=MsoNormal style=\"MARGIN: 0in 0in 0pt\"><SPAN lang=ES-TRAD><FONT face=Times size=3>Prosegu\u00ed aventando la parva de los recuerdos, y tras muchas horas, levant\u00e9 la vista hacia la librer\u00eda. El cartel segu\u00eda all\u00ed: \u00abTengo que organizarme&#8230;\u00bb, pero ya no me pareci\u00f3 ver a Pepito Grillo. Y me dorm\u00ed.<\/FONT><\/SPAN><\/P><\/p>\n<!-- AddThis Advanced Settings generic via filter on the_content --><!-- AddThis Share Buttons generic via filter on the_content -->","protected":false},"excerpt":{"rendered":"<p>Llevo a\u00f1os pensando en ordenar papeles para rastrillar la maleza de los recuerdos. Desde la librer\u00eda, un peque\u00f1o cartel me conmina como un Pepito Grillo&nbsp;&nbsp; burl\u00f3n y descre\u00eddo: \u00abTengo que organizarme, un d\u00eda de estos empiezo\u00bb. Me he convencido de que ese d\u00eda es hoy.Hay montones de papeles viejos, recortes, notas manuscritas, alguna cinta de [&hellip;]<!-- AddThis Advanced Settings generic via filter on get_the_excerpt --><!-- AddThis Share Buttons generic via filter on get_the_excerpt --><\/p>\n","protected":false},"author":13,"featured_media":0,"comment_status":"open","ping_status":"closed","sticky":false,"template":"","format":"standard","meta":[],"categories":[2],"tags":[],"_links":{"self":[{"href":"https:\/\/blogs.hoy.es\/Juandomingofernandez\/wp-json\/wp\/v2\/posts\/39"}],"collection":[{"href":"https:\/\/blogs.hoy.es\/Juandomingofernandez\/wp-json\/wp\/v2\/posts"}],"about":[{"href":"https:\/\/blogs.hoy.es\/Juandomingofernandez\/wp-json\/wp\/v2\/types\/post"}],"author":[{"embeddable":true,"href":"https:\/\/blogs.hoy.es\/Juandomingofernandez\/wp-json\/wp\/v2\/users\/13"}],"replies":[{"embeddable":true,"href":"https:\/\/blogs.hoy.es\/Juandomingofernandez\/wp-json\/wp\/v2\/comments?post=39"}],"version-history":[{"count":0,"href":"https:\/\/blogs.hoy.es\/Juandomingofernandez\/wp-json\/wp\/v2\/posts\/39\/revisions"}],"wp:attachment":[{"href":"https:\/\/blogs.hoy.es\/Juandomingofernandez\/wp-json\/wp\/v2\/media?parent=39"}],"wp:term":[{"taxonomy":"category","embeddable":true,"href":"https:\/\/blogs.hoy.es\/Juandomingofernandez\/wp-json\/wp\/v2\/categories?post=39"},{"taxonomy":"post_tag","embeddable":true,"href":"https:\/\/blogs.hoy.es\/Juandomingofernandez\/wp-json\/wp\/v2\/tags?post=39"}],"curies":[{"name":"wp","href":"https:\/\/api.w.org\/{rel}","templated":true}]}}