{"id":391,"date":"2013-05-24T19:51:49","date_gmt":"2013-05-24T18:51:49","guid":{"rendered":"http:\/\/blogs.hoy.es\/Juandomingofernandez\/?p=391"},"modified":"2013-05-24T19:51:49","modified_gmt":"2013-05-24T18:51:49","slug":"tras-el-cristal","status":"publish","type":"post","link":"https:\/\/blogs.hoy.es\/Juandomingofernandez\/2013\/05\/24\/tras-el-cristal\/","title":{"rendered":"Tras el cristal"},"content":{"rendered":"<p>CON motivo del quinto aniversario del Estatuto de Autonom\u00eda, en mayo de 1988, la Asamblea de Extremadura public\u00f3 un volumen,\u00a0 bella y pr\u00f3digamente ilustrado, para el que me solicitaron un peque\u00f1o texto. Adem\u00e1s de un recuerdo para dos nombres de primer\u00edsima fila entre los maestros de la cr\u00f3nica parlamentaria, V\u00edctor M\u00e1rquez Reviriego y Luis Carandell, en aquel texto de hace 25 a\u00f1os yo sal\u00eda al quite de la desalentadora sensaci\u00f3n \u2013tantas veces vivida por los periodistas\u2013 de que siendo verdad que las sesiones parlamentarias aparentemente no interesan a casi nadie, sin dichas sesiones en cambio \u00abla vida pol\u00edtica ser\u00eda menos digna, transparente y democr\u00e1tica\u00bb.<br \/>\n\u00abMuchas noches, despu\u00e9s de sesiones que hab\u00edan empezado por la ma\u00f1ana y que s\u00f3lo se hab\u00edan interrumpido para comer, miraba inquieto el reloj pensando lo tarde que era y el poco tiempo de que dispon\u00eda para ponerme a las teclas del viejo \u2018scrib\u2019 y teclear fren\u00e9ticamente hasta completar la rese\u00f1a de la sesi\u00f3n. Junto a la rese\u00f1a yo sol\u00eda firmar \u2013cuando hab\u00eda ocasi\u00f3n para ello\u2013 una columna de opini\u00f3n que titulaba \u2018Tras el cristal\u2019. Se trataba de un t\u00edtulo que ten\u00eda varias justificaciones. La primera y acaso m\u00e1s inmediata es que yo ve\u00eda las sesiones tras el cristal de mis gafas y la segunda, por lo mismo, era una especie de reconocimiento a esa condici\u00f3n de mirada parcial, subjetiva, personal\u00edsima, que es siempre la mirada del periodista. Nada es verdad o mentira, sino seg\u00fan el color del cristal con que se mira\u00bb.<br \/>\nTambi\u00e9n aprovechaba la ocasi\u00f3n para retratar algunos de los caracteres habituales de la vida parlamentaria extreme\u00f1a y lo meritorio del trabajo period\u00edstico cuando enfrente puede encontrarse de todo: desde el orador cultivado de ideas muy claras y bien expuestas hasta quien te mide las l\u00edneas de m\u00e1s o de menos que le has dedicado a su grupo pol\u00edtico en la cr\u00f3nica del d\u00eda siguiente pasando por los que se arrancan sinceros \u00absin papeles, en la tribuna de oradores, seguros de sus razones porque pertenecen al coraz\u00f3n o las nobles causas\u00bb, se\u00f1alaba entonces.<br \/>\nEn fin. Al cumplirse los diez a\u00f1os de autonom\u00eda, en 1993, HOY public\u00f3 tambi\u00e9n unas p\u00e1ginas especiales y a m\u00ed me correspondi\u00f3 escribir una columna que titul\u00e9, \u2013c\u00f3mo si no\u2013 \u2018Tras el cristal\u2019. En aquella ocasi\u00f3n yo confesaba la sorpresa de quien, educado en la creencia democr\u00e1tica de que la exposici\u00f3n de un argumento en contra o a favor podr\u00eda inclinar el sentido de los votos, las muchas horas en la tribuna de prensa de la Asamblea me sirvieron para constatar el esc\u00e1ndalo intelectual de que tal postulado \u00fanicamente se cumpl\u00eda en el plano te\u00f3rico, pues all\u00ed se votaba seg\u00fan la se\u00f1al del portavoz de turno, no seg\u00fan la conciencia o el raciocinio de cada diputado. Y a\u00f1ad\u00eda otra tesis que podr\u00eda servir tambi\u00e9n para la conmemoraci\u00f3n de los 30 a\u00f1os: las p\u00e1ginas de los peri\u00f3dicos son el espejo, el reflejo de la sociedad. El periodista puede ser m\u00e1s o menos veraz en sus informaciones o m\u00e1s o menos acertado en sus opiniones, pero el \u2018inter\u00e9s\u2019 de los asuntos que se debaten en la Asamblea no es asunto suyo, sino de la propia Asamblea. Que cada palo aguante su vela.<\/p>\n<!-- AddThis Advanced Settings generic via filter on the_content --><!-- AddThis Share Buttons generic via filter on the_content -->","protected":false},"excerpt":{"rendered":"<p>CON motivo del quinto aniversario del Estatuto de Autonom\u00eda, en mayo de 1988, la Asamblea de Extremadura public\u00f3 un volumen,\u00a0 bella y pr\u00f3digamente ilustrado, para el que me solicitaron un peque\u00f1o texto. Adem\u00e1s de un recuerdo para dos nombres de primer\u00edsima fila entre los maestros de la cr\u00f3nica parlamentaria, V\u00edctor M\u00e1rquez Reviriego y Luis Carandell, [&hellip;]<!-- AddThis Advanced Settings generic via filter on get_the_excerpt --><!-- AddThis Share Buttons generic via filter on get_the_excerpt --><\/p>\n","protected":false},"author":13,"featured_media":0,"comment_status":"open","ping_status":"closed","sticky":false,"template":"","format":"standard","meta":[],"categories":[1],"tags":[106,254,302,589,775,961,987,1100,1329],"_links":{"self":[{"href":"https:\/\/blogs.hoy.es\/Juandomingofernandez\/wp-json\/wp\/v2\/posts\/391"}],"collection":[{"href":"https:\/\/blogs.hoy.es\/Juandomingofernandez\/wp-json\/wp\/v2\/posts"}],"about":[{"href":"https:\/\/blogs.hoy.es\/Juandomingofernandez\/wp-json\/wp\/v2\/types\/post"}],"author":[{"embeddable":true,"href":"https:\/\/blogs.hoy.es\/Juandomingofernandez\/wp-json\/wp\/v2\/users\/13"}],"replies":[{"embeddable":true,"href":"https:\/\/blogs.hoy.es\/Juandomingofernandez\/wp-json\/wp\/v2\/comments?post=391"}],"version-history":[{"count":0,"href":"https:\/\/blogs.hoy.es\/Juandomingofernandez\/wp-json\/wp\/v2\/posts\/391\/revisions"}],"wp:attachment":[{"href":"https:\/\/blogs.hoy.es\/Juandomingofernandez\/wp-json\/wp\/v2\/media?parent=391"}],"wp:term":[{"taxonomy":"category","embeddable":true,"href":"https:\/\/blogs.hoy.es\/Juandomingofernandez\/wp-json\/wp\/v2\/categories?post=391"},{"taxonomy":"post_tag","embeddable":true,"href":"https:\/\/blogs.hoy.es\/Juandomingofernandez\/wp-json\/wp\/v2\/tags?post=391"}],"curies":[{"name":"wp","href":"https:\/\/api.w.org\/{rel}","templated":true}]}}