{"id":392,"date":"2013-05-31T21:07:34","date_gmt":"2013-05-31T20:07:34","guid":{"rendered":"http:\/\/blogs.hoy.es\/Juandomingofernandez\/?p=392"},"modified":"2013-05-31T21:07:34","modified_gmt":"2013-05-31T20:07:34","slug":"sexo-en-paris","status":"publish","type":"post","link":"https:\/\/blogs.hoy.es\/Juandomingofernandez\/2013\/05\/31\/sexo-en-paris\/","title":{"rendered":"Sexo en Par\u00eds"},"content":{"rendered":"<p>RECUERDO que la primera vez que viaj\u00e9 a Par\u00eds, al poco de la muerte de Franco, no pude disfrutar de la entonces legendaria gastronom\u00eda del restaurante Maxim\u2019s por ser el d\u00eda de su descanso semanal. \u00ab\u00a1Cu\u00e1ndo volver\u00eda a tener ocasi\u00f3n de compartir las mesas y la atm\u00f3sfera en las que hab\u00edan disfrutado las mayores celebridades del mundo!\u00bb, me lamentaba en silencio al comprobar que estaba la puerta cerrada. Yo viajaba invitado por un amigo periodista mexicano, director entonces del diario \u2018El Universal\u2019, Luis Javier Solana, que se encontraba en Par\u00eds precisamente de regreso de Mosc\u00fa, a donde hab\u00eda ido para entrevistar nada menos que al l\u00edder m\u00e1ximo de la URSS, Le\u00f3nidas Brezniev.<br \/>\nAlojados en el Hotel Jorge V (\u00ab\u00a1cu\u00e1ndo regresar\u00e9!\u00bb, pienso ahora), reconozco que las interioridades de la charla que Solana hab\u00eda mantenido con Brezniev y de las que nos hablaba a Juan Fern\u00e1ndez Figueroa y a m\u00ed me interesaban menos que otros aspectos sorprendentes del Par\u00eds de mitad de los a\u00f1os setenta. Yo era entonces un joven que no s\u00f3lo traspasaba los Pirin\u00e9os por primera vez sino que viajaba a una ciudad y a una sociedad que habitaban otra \u00e9poca, que resid\u00edan en el futuro.<br \/>\nAdem\u00e1s de los lugares de visita tur\u00edstica obligada: el Museo del Louvre, Notre Dame, la Torre Eiffel, Montmartre&#8230; una noche acudimos a un espect\u00e1culo de teatro-cabaret en un sala del Barrio Latino que se presentaba con un t\u00edtulo prometedor e inquietante: \u2018Una c\u00f3pula a 20 cent\u00edmetros de su cabeza\u2019. Recuerdo que hab\u00eda una cola enorme para entrar y entre quienes esperaban pacientemente, muchos latinoamericanos. Alguno de ellos bromeaba incluso con el t\u00edtulo tan provocador del espect\u00e1culo. \u00abNo crean\u00bb, les dec\u00eda a sus amigos \u00abque todos estos que est\u00e1n en la cola son espectadores, en realidad son notarios que vienen a dar fe que se cumple eso de la c\u00f3pula a 20 cent\u00edmetros\u00bb.<br \/>\nEl montaje no dejaba de ser una serie de ejercicios gimn\u00e1sticos con un par de parejas, todos semidesnudos, evolucionando sobre una red que cubr\u00eda \u2013como si se tratara de una b\u00f3veda m\u00f3vil\u2013 el techo de la sala. Al igual que otros espect\u00e1culos er\u00f3ticos tradicionales, un montaje para sugerir m\u00e1s que para mostrar. A pesar de ello y de lo morigerado que nos parecer\u00eda ahora en comparaci\u00f3n con cualquier programa de telebasura, a m\u00ed aquellas \u2018evoluciones\u2019 con una red a 20 cent\u00edmetros de la cabeza de los espectadores se me antojaban impensables para una Espa\u00f1a que empezaba a desperezarse del franquismo&#8230;<br \/>\nDespu\u00e9s de aquel viaje he vuelto unas cuantas veces a Par\u00eds, que es una ciudad \u2013como Lisboa\u2013 cuyas calles, que dir\u00eda Borges, no me canso de fatigar. Siempre he descubierto algo atractivo y envidiable, pero nunca he sentido aquel deslumbramiento de mi primera visita en los a\u00f1os setenta, cuando la distancia social y cultural que nos separaban de Par\u00eds era tan grande.<br \/>\nEs lo bueno que tiene el progreso. Los platillos de la balanza se igualan. Y si pienso en algunos problemas o en ciertos nombres: matrimonio homosexual, radicalismo isl\u00e1mico, Dominique Strauss Kahn, incluso me parece que el saldo nos es favorable.<\/p>\n<!-- AddThis Advanced Settings generic via filter on the_content --><!-- AddThis Share Buttons generic via filter on the_content -->","protected":false},"excerpt":{"rendered":"<p>RECUERDO que la primera vez que viaj\u00e9 a Par\u00eds, al poco de la muerte de Franco, no pude disfrutar de la entonces legendaria gastronom\u00eda del restaurante Maxim\u2019s por ser el d\u00eda de su descanso semanal. \u00ab\u00a1Cu\u00e1ndo volver\u00eda a tener ocasi\u00f3n de compartir las mesas y la atm\u00f3sfera en las que hab\u00edan disfrutado las mayores celebridades [&hellip;]<!-- AddThis Advanced Settings generic via filter on get_the_excerpt --><!-- AddThis Share Buttons generic via filter on get_the_excerpt --><\/p>\n","protected":false},"author":13,"featured_media":0,"comment_status":"open","ping_status":"closed","sticky":false,"template":"","format":"standard","meta":[],"categories":[1],"tags":[],"_links":{"self":[{"href":"https:\/\/blogs.hoy.es\/Juandomingofernandez\/wp-json\/wp\/v2\/posts\/392"}],"collection":[{"href":"https:\/\/blogs.hoy.es\/Juandomingofernandez\/wp-json\/wp\/v2\/posts"}],"about":[{"href":"https:\/\/blogs.hoy.es\/Juandomingofernandez\/wp-json\/wp\/v2\/types\/post"}],"author":[{"embeddable":true,"href":"https:\/\/blogs.hoy.es\/Juandomingofernandez\/wp-json\/wp\/v2\/users\/13"}],"replies":[{"embeddable":true,"href":"https:\/\/blogs.hoy.es\/Juandomingofernandez\/wp-json\/wp\/v2\/comments?post=392"}],"version-history":[{"count":0,"href":"https:\/\/blogs.hoy.es\/Juandomingofernandez\/wp-json\/wp\/v2\/posts\/392\/revisions"}],"wp:attachment":[{"href":"https:\/\/blogs.hoy.es\/Juandomingofernandez\/wp-json\/wp\/v2\/media?parent=392"}],"wp:term":[{"taxonomy":"category","embeddable":true,"href":"https:\/\/blogs.hoy.es\/Juandomingofernandez\/wp-json\/wp\/v2\/categories?post=392"},{"taxonomy":"post_tag","embeddable":true,"href":"https:\/\/blogs.hoy.es\/Juandomingofernandez\/wp-json\/wp\/v2\/tags?post=392"}],"curies":[{"name":"wp","href":"https:\/\/api.w.org\/{rel}","templated":true}]}}