{"id":393,"date":"2013-06-07T20:17:22","date_gmt":"2013-06-07T19:17:22","guid":{"rendered":"http:\/\/blogs.hoy.es\/Juandomingofernandez\/?p=393"},"modified":"2013-06-07T20:17:22","modified_gmt":"2013-06-07T19:17:22","slug":"daudet-el-sabio","status":"publish","type":"post","link":"https:\/\/blogs.hoy.es\/Juandomingofernandez\/2013\/06\/07\/daudet-el-sabio\/","title":{"rendered":"Daudet el sabio"},"content":{"rendered":"<p>ENTRE las frases que me impresionaron durante la adolescencia est\u00e1 esa tan conocida que resuena con la grandeza de un mandamiento b\u00edblico: \u00abQuien a los 20 a\u00f1os no quiere cambiar el mundo no tiene coraz\u00f3n\u00bb. Una frase que otros \u2013acaso con el descreimiento de la edad\u2013 formulaban a\u00f1os m\u00e1s tarde con evidente c\u00ednismo: \u00abQuien a los 20 a\u00f1os no quiere cambiar el mundo no tiene coraz\u00f3n&#8230; y quien a los 40 a\u00f1os sigue queri\u00e9ndolo cambiar, no tiene cabeza\u00bb. Nada de sue\u00f1os.<br \/>\nLe\u00f3n Daudet, hijo del famoso Alphonse Daudet, no goz\u00f3 de la popularidad que tuvo\u00a0 su padre con las novelas de la serie Tartar\u00edn, pero por esas paradojas del destino o quiz\u00e1s por su largo ejercicio del periodismo y de la cr\u00edtica ha dejado para la posteridad una buena gavilla de frases c\u00e9lebres. Entre las que se le atribuyen: \u00abNo tengo ninguna estima por el hombre que a los veinte a\u00f1os no ha sido realista o comunista\u00bb. Mis preferidas, sin embargo, son otras dos. Y ninguna de ellas tiene que ver con el radicalismo mon\u00e1rquico y antisemita que tanto marcaron su trayectoria profesional y personal.<br \/>\nLa primera: \u00abLos poetas son hombres que han conservado sus ojos de ni\u00f1o\u00bb. S\u00f3lo desde la mirada limpia, inocentemente apasionada de quien permanece ajeno a la erosi\u00f3n de la edad se nos puede conmover con la fuerza de la palabra, con el lenguaje universal de las \u2018emociones\u2019. \u00danicamente desde esa perspectiva se logra traducir los sentimientos que no pertenecen a un pa\u00eds concreto, a una \u00e9poca concreta o a determinadas circunstancias hist\u00f3ricas sino al territorio intemporal del hombre, del g\u00e9nero humano, y entregarlos en forma de poema o de obra de arte. Me da igual que el autor sea un poeta como C\u00e9sar Vallejo o Luis Cernuda o como Juan Ram\u00f3n Jim\u00e9nez o Antonio Machado. O que el poeta sea un cineasta como Fellini o un pintor como Matisse o Antonio L\u00f3pez o como Manolo Millares; o un escultor como Calder o como Juan Mu\u00f1oz.<br \/>\nY la segunda: \u00abCon los enemigos hay tres soluciones: apartarse de ellos, que es de perezosos, convertirlos en amigos, que es de sabios, y eliminarlos como sea, que es de bribones, pol\u00edticos, sectarios y guerreros\u00bb. Esta sentencia de Le\u00f3n Daudet me parece el an\u00e1lisis de un hombre con una trayectoria que refuerza su valor testimonial pues no fue, precisamente, ajeno a las pol\u00e9micas, diatribas y luchas de su tiempo. \u00bfEn qu\u00e9 \u00e9poca dijo o escribi\u00f3 esas palabras? No lo s\u00e9. Supongo que pertenecen a sus memorias, tras los a\u00f1os que vivi\u00f3 refugiado en B\u00e9lgica, donde se atemper\u00f3 su antisemitismo pero no el sentimiento nacionalista radical. Daudet no sab\u00eda a\u00fan que a la vieja Europa le aguardaba la infamia nazi del holocausto y que la a\u00f1eja pr\u00e1ctica de acabar con el contrario, de exterminar al enemigo, ser\u00eda cultivada incluso con planificaci\u00f3n industrial en campos de concentraci\u00f3n.<br \/>\nPor fortuna yo creo que la democracia y la cultura acaban convenciendo al hombre que de las tres soluciones que plantea Daudet para los enemigos s\u00f3lo una es atinada: \u00abconvertirlos en amigos, que es de sabios\u00bb. Las otras dos hay que descartarlas por principio, y m\u00e1s en tiempo de crisis.<\/p>\n<!-- AddThis Advanced Settings generic via filter on the_content --><!-- AddThis Share Buttons generic via filter on the_content -->","protected":false},"excerpt":{"rendered":"<p>ENTRE las frases que me impresionaron durante la adolescencia est\u00e1 esa tan conocida que resuena con la grandeza de un mandamiento b\u00edblico: \u00abQuien a los 20 a\u00f1os no quiere cambiar el mundo no tiene coraz\u00f3n\u00bb. Una frase que otros \u2013acaso con el descreimiento de la edad\u2013 formulaban a\u00f1os m\u00e1s tarde con evidente c\u00ednismo: \u00abQuien a [&hellip;]<!-- AddThis Advanced Settings generic via filter on get_the_excerpt --><!-- AddThis Share Buttons generic via filter on get_the_excerpt --><\/p>\n","protected":false},"author":13,"featured_media":0,"comment_status":"open","ping_status":"closed","sticky":false,"template":"","format":"standard","meta":[],"categories":[1],"tags":[],"_links":{"self":[{"href":"https:\/\/blogs.hoy.es\/Juandomingofernandez\/wp-json\/wp\/v2\/posts\/393"}],"collection":[{"href":"https:\/\/blogs.hoy.es\/Juandomingofernandez\/wp-json\/wp\/v2\/posts"}],"about":[{"href":"https:\/\/blogs.hoy.es\/Juandomingofernandez\/wp-json\/wp\/v2\/types\/post"}],"author":[{"embeddable":true,"href":"https:\/\/blogs.hoy.es\/Juandomingofernandez\/wp-json\/wp\/v2\/users\/13"}],"replies":[{"embeddable":true,"href":"https:\/\/blogs.hoy.es\/Juandomingofernandez\/wp-json\/wp\/v2\/comments?post=393"}],"version-history":[{"count":0,"href":"https:\/\/blogs.hoy.es\/Juandomingofernandez\/wp-json\/wp\/v2\/posts\/393\/revisions"}],"wp:attachment":[{"href":"https:\/\/blogs.hoy.es\/Juandomingofernandez\/wp-json\/wp\/v2\/media?parent=393"}],"wp:term":[{"taxonomy":"category","embeddable":true,"href":"https:\/\/blogs.hoy.es\/Juandomingofernandez\/wp-json\/wp\/v2\/categories?post=393"},{"taxonomy":"post_tag","embeddable":true,"href":"https:\/\/blogs.hoy.es\/Juandomingofernandez\/wp-json\/wp\/v2\/tags?post=393"}],"curies":[{"name":"wp","href":"https:\/\/api.w.org\/{rel}","templated":true}]}}