{"id":412,"date":"2013-10-18T19:57:45","date_gmt":"2013-10-18T18:57:45","guid":{"rendered":"http:\/\/blogs.hoy.es\/Juandomingofernandez\/?p=412"},"modified":"2013-10-18T19:57:45","modified_gmt":"2013-10-18T18:57:45","slug":"el-asco-de-albert-pla","status":"publish","type":"post","link":"https:\/\/blogs.hoy.es\/Juandomingofernandez\/2013\/10\/18\/el-asco-de-albert-pla\/","title":{"rendered":"El asco de Albert Pla"},"content":{"rendered":"<p>Al c\u00f3mico catal\u00e1n Albert Pla le han bastado nueve palabras: \u00abA m\u00ed siempre me ha dado asco ser espa\u00f1ol\u00bb para levantar una polvareda medi\u00e1tica de rentables resultados publicitarios. Dio en la diana. Seguramente despu\u00e9s de su ingeniosa salida de pata de banco no recibir\u00e1 ofertas para convertirse en profesor de la Escuela Diplom\u00e1tica, pero qu\u00e9 duda cabe de que ha demostrado talento para publicitarse con garbo y desparpajo. De alguna manera Albert Pla funciona aqu\u00ed como el contrapersonaje de Torrente, ese desastrado que cre\u00f3 Santiago Segura y que nos parece familia directa del Makinavaja que encarn\u00f3 Pepe Rubianes, un actor, por cierto, que tambi\u00e9n se despach\u00f3 hace a\u00f1os con intemperancias p\u00fablicas de tono subido. \u00bfQui\u00e9n no recuerda aquel exabrupto de \u00aba m\u00ed, la unidad de Espa\u00f1a me suda la polla por delante y por detr\u00e1s, que se metan a Espa\u00f1a en el puto culo\u00bb?,  por el que m\u00e1s tarde pidi\u00f3 disculpas y aclar\u00f3 que \u00e9l insultaba a \u00abla Espa\u00f1a que mat\u00f3 a Lorca\u00bb, pero no a la Espa\u00f1a democr\u00e1tica y constitucional, de la que se consideraba un ciudadano m\u00e1s.<br \/>\nCondolerse por la tierra de uno (ll\u00e1mese patria, naci\u00f3n, pueblo, sociedad, familia, lengua, infancia&#8230;) es una reacci\u00f3n tan antigua como el hombre. \u00danicamente ante lo que nos importa, ante lo que queremos, reaccionamos: lo dem\u00e1s es desierto o indiferencia. Eso vale para la emoci\u00f3n de Ulises al regresar a \u00cdtaca igual que para el lamento de Quevedo: \u00abMir\u00e9 los muros de la patria m\u00eda, \/ si un tiempo fuertes ya desmoronados\u00bb, el sentimiento de Unamuno: \u00abMe duele Espa\u00f1a\u00bb, pasando por esa declaraci\u00f3n de amor que es  \u2018M\u00e1ter Espa\u00f1a\u2019 de Joaqu\u00edn Sabina o el t\u00edtulo-test de un libro de S\u00e1nchez Drag\u00f3: \u00abY si habla mal de Espa\u00f1a&#8230; es espa\u00f1ol\u00bb.<br \/>\nNo hay que dejarse enga\u00f1ar, sin embargo, por las apariencias. No es m\u00e1s patriota ni mejor espa\u00f1ol aquel a quien no se le cae de la boca todos los d\u00edas el nombre de la naci\u00f3n, pero sin que revalide con hechos, de modo coherente, tal sentimiento&#8230;  Gente que hace como esos p\u00e1jaros que dan los gritos en un lugar y en otro anidan y ponen los huevos. No necesitamos patriotas de los que \u00absienten asco\u00bb a la hora de pagar a Hacienda o de contribuir en su pa\u00eds. Ni de los que intentan imponer a todos ideas y circunstancias que no buscan el inter\u00e9s com\u00fan, del conjunto, sino el particular o sectario.<br \/>\nEstablecidos tales puntos de partida \u2013en los que seguramente coincidimos la mayor\u00eda\u2013 tambi\u00e9n hay que insistir en la necesidad de respuestas ponderadas. Tanto derecho tiene Albert Pla a confesar su asco por ser espa\u00f1ol como el resto de los espa\u00f1oles a sentir lo que les pida el cuerpo por el hecho de que \u00e9l albergue&#8230; tales sentimientos. Donde las dan las toman. Aunque, bien mirado, sus palabras me parecen coheter\u00eda verbal que se alzan como una gansada y un exabrupto m\u00e1s que como un ultraje imperdonable. En resumen, el c\u00f3mico lo \u00fanico que hace es confesar un sentimiento del que, parad\u00f3jicamente, reconoce ser la principal v\u00edctima.<br \/>\nSi alguien quiere indignarse de verdad con infamias e insultos incre\u00edbles, que entre en cualquier web o foro donde admitan comentarios an\u00f3nimos. Eso s\u00ed que da asco.<\/p>\n<!-- AddThis Advanced Settings generic via filter on the_content --><!-- AddThis Share Buttons generic via filter on the_content -->","protected":false},"excerpt":{"rendered":"<p>Al c\u00f3mico catal\u00e1n Albert Pla le han bastado nueve palabras: \u00abA m\u00ed siempre me ha dado asco ser espa\u00f1ol\u00bb para levantar una polvareda medi\u00e1tica de rentables resultados publicitarios. Dio en la diana. Seguramente despu\u00e9s de su ingeniosa salida de pata de banco no recibir\u00e1 ofertas para convertirse en profesor de la Escuela Diplom\u00e1tica, pero qu\u00e9 [&hellip;]<!-- AddThis Advanced Settings generic via filter on get_the_excerpt --><!-- AddThis Share Buttons generic via filter on get_the_excerpt --><\/p>\n","protected":false},"author":13,"featured_media":0,"comment_status":"open","ping_status":"closed","sticky":false,"template":"","format":"standard","meta":[],"categories":[1],"tags":[],"_links":{"self":[{"href":"https:\/\/blogs.hoy.es\/Juandomingofernandez\/wp-json\/wp\/v2\/posts\/412"}],"collection":[{"href":"https:\/\/blogs.hoy.es\/Juandomingofernandez\/wp-json\/wp\/v2\/posts"}],"about":[{"href":"https:\/\/blogs.hoy.es\/Juandomingofernandez\/wp-json\/wp\/v2\/types\/post"}],"author":[{"embeddable":true,"href":"https:\/\/blogs.hoy.es\/Juandomingofernandez\/wp-json\/wp\/v2\/users\/13"}],"replies":[{"embeddable":true,"href":"https:\/\/blogs.hoy.es\/Juandomingofernandez\/wp-json\/wp\/v2\/comments?post=412"}],"version-history":[{"count":0,"href":"https:\/\/blogs.hoy.es\/Juandomingofernandez\/wp-json\/wp\/v2\/posts\/412\/revisions"}],"wp:attachment":[{"href":"https:\/\/blogs.hoy.es\/Juandomingofernandez\/wp-json\/wp\/v2\/media?parent=412"}],"wp:term":[{"taxonomy":"category","embeddable":true,"href":"https:\/\/blogs.hoy.es\/Juandomingofernandez\/wp-json\/wp\/v2\/categories?post=412"},{"taxonomy":"post_tag","embeddable":true,"href":"https:\/\/blogs.hoy.es\/Juandomingofernandez\/wp-json\/wp\/v2\/tags?post=412"}],"curies":[{"name":"wp","href":"https:\/\/api.w.org\/{rel}","templated":true}]}}