{"id":413,"date":"2013-10-25T23:08:07","date_gmt":"2013-10-25T22:08:07","guid":{"rendered":"http:\/\/blogs.hoy.es\/Juandomingofernandez\/?p=413"},"modified":"2013-10-25T23:08:07","modified_gmt":"2013-10-25T22:08:07","slug":"te-conozco-pajarito","status":"publish","type":"post","link":"https:\/\/blogs.hoy.es\/Juandomingofernandez\/2013\/10\/25\/te-conozco-pajarito\/","title":{"rendered":"Te conozco, pajarito"},"content":{"rendered":"<p>LA otra tarde volv\u00eda en coche de asistir al funeral de una persona entra\u00f1able. Para distraerme de la melancol\u00eda de la p\u00e9rdida, puse la radio. Entrevistaban a Jos\u00e9 Luis Balb\u00edn, el veterano periodista que dirigi\u00f3 y present\u00f3 un programa muy recordado de TVE, \u2018La clave\u2019. Alejado de complacencias y me parece que suficientemente l\u00facido, Balb\u00edn explicaba que no le interesan los debates en las tertulias \u00abde ahora\u00bb porque adem\u00e1s de que los invitados se gritan e insultan entre s\u00ed, se conoce de antemano lo que van a decir. Todo es aburrida y disparatadamente previsible.<br \/>\nA m\u00ed me ha invadido tambi\u00e9n esa sensaci\u00f3n al o\u00edr o escuchar a quienes participan de forma habitual como tertulianos, contertulios o invitados en programas de radio y televisi\u00f3n. Es la sensaci\u00f3n de estar escuchando intervenciones de \u00abperiodismo de camiseta\u00bb, por utilizar la expresi\u00f3n que ha importado al universo informativo espa\u00f1ol el Tata Martino, entrenador del Bar\u00e7a. A Balb\u00edn le aburren ese tipo de programas y a m\u00ed me aburren y en cierto modo tambi\u00e9n me escandalizan. La pol\u00edtica est\u00e1 fagocitando diariamente a decenas de periodistas, informadores y publicistas a quienes convierte en papagayos reproductores de sus consignas y argumentarios, reduci\u00e9ndolos, en una palabra, a la condici\u00f3n de simples voceros.<br \/>\nCuando se cre\u00eda superada hist\u00f3ricamente la etapa del periodismo militante o periodismo de partido, se reavivan las malas artes del \u2018periodismo de camiseta\u2019 pero no solo en el universo futbol\u00edstico, sino en el de los medios en general; un \u2018periodismo militante\u2019 me temo que cada d\u00eda con seguidores m\u00e1s \u2018forofos\u2019 y entusiastas. Con seguidores que renuncian a la incertidumbre de lo que van a ver o a escuchar y prefieren las anteojeras, el prejuicio ideol\u00f3gico o el lugar com\u00fan. Seguidores que prefieren rendirse ante la dosis de su men\u00fa conocido. Seguidores que al contrario de lo que les ocurr\u00eda a quienes disfrutaban con \u2018La clave\u2019, no quieren correr el riesgo de aventurarse por los caminos que desbrozan la raz\u00f3n y los debates abiertos, sin apriorismos impuestos.<br \/>\nCu\u00e1ntas veces se ha citado el ejemplo de Walter Cronkite, el legendario presentador de la CBS, del que nadie, ni dem\u00f3cratas ni republicanos, pod\u00eda decir nunca que supiera en realidad a qui\u00e9n se sent\u00eda m\u00e1s pr\u00f3ximo.  Intente hacer, amigo lector, un ejercicio de imaginaci\u00f3n y piense en los periodistas, informadores, publicistas, contertulios, etc\u00e9tera, a quienes ve, escucha o lee de manera habitual. H\u00e1gase despu\u00e9s la pregunta que se hac\u00edan los norteamericanos ante la figura de Walter Cronkite.<br \/>\n Las emociones que despierta la palabra no pertenecen de ninguna manera a la realidad, \u00abpues la realidad no es de \u00edndole emocional\u00bb, como bien se\u00f1alaba hace a\u00f1os el periodista Carlos Luis \u00c1lvarez, \u2018C\u00e1ndido\u2019, que abundaba en esa idea: \u00abCuando decimos que la realidad es evidente, no hacemos sino te\u00f1ir de subjetivismo la realidad. Lo que es evidente es la idea que nosotros tenemos de la realidad\u00bb. Es la diferencia, aclaro yo, entre la realidad que opera en un fajo de billetes verdaderos y la realidad de un fajo de billetes falsos para el timo del \u2019tocomocho\u2019.<\/p>\n<!-- AddThis Advanced Settings generic via filter on the_content --><!-- AddThis Share Buttons generic via filter on the_content -->","protected":false},"excerpt":{"rendered":"<p>LA otra tarde volv\u00eda en coche de asistir al funeral de una persona entra\u00f1able. Para distraerme de la melancol\u00eda de la p\u00e9rdida, puse la radio. Entrevistaban a Jos\u00e9 Luis Balb\u00edn, el veterano periodista que dirigi\u00f3 y present\u00f3 un programa muy recordado de TVE, \u2018La clave\u2019. Alejado de complacencias y me parece que suficientemente l\u00facido, Balb\u00edn [&hellip;]<!-- AddThis Advanced Settings generic via filter on get_the_excerpt --><!-- AddThis Share Buttons generic via filter on get_the_excerpt --><\/p>\n","protected":false},"author":13,"featured_media":0,"comment_status":"open","ping_status":"closed","sticky":false,"template":"","format":"standard","meta":[],"categories":[1],"tags":[198,315,694,932,987,1054,1164,1356],"_links":{"self":[{"href":"https:\/\/blogs.hoy.es\/Juandomingofernandez\/wp-json\/wp\/v2\/posts\/413"}],"collection":[{"href":"https:\/\/blogs.hoy.es\/Juandomingofernandez\/wp-json\/wp\/v2\/posts"}],"about":[{"href":"https:\/\/blogs.hoy.es\/Juandomingofernandez\/wp-json\/wp\/v2\/types\/post"}],"author":[{"embeddable":true,"href":"https:\/\/blogs.hoy.es\/Juandomingofernandez\/wp-json\/wp\/v2\/users\/13"}],"replies":[{"embeddable":true,"href":"https:\/\/blogs.hoy.es\/Juandomingofernandez\/wp-json\/wp\/v2\/comments?post=413"}],"version-history":[{"count":0,"href":"https:\/\/blogs.hoy.es\/Juandomingofernandez\/wp-json\/wp\/v2\/posts\/413\/revisions"}],"wp:attachment":[{"href":"https:\/\/blogs.hoy.es\/Juandomingofernandez\/wp-json\/wp\/v2\/media?parent=413"}],"wp:term":[{"taxonomy":"category","embeddable":true,"href":"https:\/\/blogs.hoy.es\/Juandomingofernandez\/wp-json\/wp\/v2\/categories?post=413"},{"taxonomy":"post_tag","embeddable":true,"href":"https:\/\/blogs.hoy.es\/Juandomingofernandez\/wp-json\/wp\/v2\/tags?post=413"}],"curies":[{"name":"wp","href":"https:\/\/api.w.org\/{rel}","templated":true}]}}