{"id":415,"date":"2013-11-08T21:05:49","date_gmt":"2013-11-08T20:05:49","guid":{"rendered":"http:\/\/blogs.hoy.es\/Juandomingofernandez\/?p=415"},"modified":"2013-11-08T21:05:49","modified_gmt":"2013-11-08T20:05:49","slug":"cumbres-desastrosas","status":"publish","type":"post","link":"https:\/\/blogs.hoy.es\/Juandomingofernandez\/2013\/11\/08\/cumbres-desastrosas\/","title":{"rendered":"Cumbres desastrosas"},"content":{"rendered":"<p>Seg\u00fan los resultados del \u00faltimo Eurobar\u00f3metro que ha dado a conocer esta semana la Comisi\u00f3n Europea, algunos h\u00e1bitos culturales de los espa\u00f1oles est\u00e1n por debajo de la media de los 28 pa\u00edses de la UE. En concreto, cuando se les pregunta por la asistencia al cine y al teatro, por las visitas a monumentos y museos o si han le\u00eddo un libro en el \u00faltimo a\u00f1o. En esas parcelas culturales, el argumento que se utiliza aqu\u00ed para justificar el resultado es la falta de presupuesto (no hay dinero y son actividades caras, alega la mayor\u00eda de nuestros compatriotas) mientras que en los otros pa\u00edses comunitarios lo que se argumenta es falta de inter\u00e9s. Sin embargo, hay una parcela en la que, seg\u00fan el Eurobar\u00f3metro, los espa\u00f1oles ganamos por goleada: cuando se trata de ver o escuchar programas culturales en cadenas de televisi\u00f3n y de radio que sean gratis o asistiendo a bibliotecas p\u00fablicas, tambi\u00e9n gratuitas. Menos es nada.<br \/>\nAcabo de leer en <a href=\"http:\/\/malama.blogspot.com.es\/\">Pura Tura<\/a>, el blog del profesor y cr\u00edtico Miguel \u00c1ngel Lama, un amplio art\u00edculo del catedr\u00e1tico Miguel \u00c1ngel Garrido Gallardo con motivo del congreso mundial titulado \u2018La Biblioteca de Occidente en contexto hisp\u00e1nico\u2019, en el que se estableci\u00f3 un canon con cien obras literarias \u2018imprescindibles\u2019: desde la Biblia, \u2018La Divina Comedia\u2019, \u2018El Quijote\u2019, \u2018Moby Dick\u2019, de Herman Melville; Crimen y castigo\u2019, de Dostoievski, pasando por las \u2018Rimas\u2019 de B\u00e9cquer; \u2018Guerra y Paz\u2019, de Tolstoi, hasta \u2018Trafalgar\u2019, de Gald\u00f3s; \u2018Campos de Castilla\u2019, de Antonio Machado; \u2018El Aleph\u2019, de Borges o \u2018Pedro P\u00e1ramo\u2019, de Juan Rulfo.<br \/>\nCon anterioridad a ese congreso, en una entrevista publicada en \u2018Abc\u2019 en 2011, le preguntaron a Miguel \u00c1. Garrido Gallardo, catedr\u00e1tico de Universidad en la especialidad de Teor\u00eda de la Literatura, si en su condici\u00f3n de profesor universitario percib\u00eda que el nivel cultural de los alumnos hab\u00eda bajado en los \u00faltimos a\u00f1os. Y esta fue su respuesta:  \u00abEl nivel cultural, desde el punto de vista de los contenidos, del conocimiento de contenidos, yo no creo que haya bajado tanto como se dice. Hay una gran competencia por buscar un puesto de trabajo y eso lleva a empollar. Lo que ha bajado ostensiblemente es el inter\u00e9s por la cultura en s\u00ed. La Universidad no es ajena a la sociedad, y la sociedad europea, y la espa\u00f1ola de forma muy particular, est\u00e1 enferma de superficialidad\u00bb.<br \/>\nSe me ha quedado grabada esa expresi\u00f3n: \u00abenferma de superficialidad\u00bb. Qu\u00e9 acertado diagn\u00f3stico.  La cultura como entretenimiento y espect\u00e1culo, la cultura como banalidad.<br \/>\nLa encuesta del Eurobar\u00f3metro de esta semana constata tambi\u00e9n, desgraciadamente, que el inter\u00e9s que sentimos los espa\u00f1oles por otros productos culturales del resto de Europa es menor que el inter\u00e9s rec\u00edproco de nuestros vecinos. Y no solo a la hora de visitar monumentos o viajar por otros pa\u00edses, sino a la hora de interesarnos por las pel\u00edculas, por los libros o por las obras de teatro concebidas fuera de la pen\u00ednsula.  Nuestro saldo es negativo. Me temo que m\u00e1s que \u2018Cumbres borrascosas\u2019, de Emily Bront\u00eb (tambi\u00e9n incluida, por cierto, en el citado \u2018canon\u2019) por estos lares lo que resulta bien familiar es \u2018Ambiciones\u2019 y una tal Bel\u00e9n Esteban. <\/p>\n<!-- AddThis Advanced Settings generic via filter on the_content --><!-- AddThis Share Buttons generic via filter on the_content -->","protected":false},"excerpt":{"rendered":"<p>Seg\u00fan los resultados del \u00faltimo Eurobar\u00f3metro que ha dado a conocer esta semana la Comisi\u00f3n Europea, algunos h\u00e1bitos culturales de los espa\u00f1oles est\u00e1n por debajo de la media de los 28 pa\u00edses de la UE. En concreto, cuando se les pregunta por la asistencia al cine y al teatro, por las visitas a monumentos y [&hellip;]<!-- AddThis Advanced Settings generic via filter on get_the_excerpt --><!-- AddThis Share Buttons generic via filter on get_the_excerpt --><\/p>\n","protected":false},"author":13,"featured_media":0,"comment_status":"open","ping_status":"closed","sticky":false,"template":"","format":"standard","meta":[],"categories":[1],"tags":[307,446,844,845],"_links":{"self":[{"href":"https:\/\/blogs.hoy.es\/Juandomingofernandez\/wp-json\/wp\/v2\/posts\/415"}],"collection":[{"href":"https:\/\/blogs.hoy.es\/Juandomingofernandez\/wp-json\/wp\/v2\/posts"}],"about":[{"href":"https:\/\/blogs.hoy.es\/Juandomingofernandez\/wp-json\/wp\/v2\/types\/post"}],"author":[{"embeddable":true,"href":"https:\/\/blogs.hoy.es\/Juandomingofernandez\/wp-json\/wp\/v2\/users\/13"}],"replies":[{"embeddable":true,"href":"https:\/\/blogs.hoy.es\/Juandomingofernandez\/wp-json\/wp\/v2\/comments?post=415"}],"version-history":[{"count":0,"href":"https:\/\/blogs.hoy.es\/Juandomingofernandez\/wp-json\/wp\/v2\/posts\/415\/revisions"}],"wp:attachment":[{"href":"https:\/\/blogs.hoy.es\/Juandomingofernandez\/wp-json\/wp\/v2\/media?parent=415"}],"wp:term":[{"taxonomy":"category","embeddable":true,"href":"https:\/\/blogs.hoy.es\/Juandomingofernandez\/wp-json\/wp\/v2\/categories?post=415"},{"taxonomy":"post_tag","embeddable":true,"href":"https:\/\/blogs.hoy.es\/Juandomingofernandez\/wp-json\/wp\/v2\/tags?post=415"}],"curies":[{"name":"wp","href":"https:\/\/api.w.org\/{rel}","templated":true}]}}