{"id":417,"date":"2013-11-15T19:58:35","date_gmt":"2013-11-15T18:58:35","guid":{"rendered":"http:\/\/blogs.hoy.es\/Juandomingofernandez\/?p=417"},"modified":"2013-11-15T19:58:35","modified_gmt":"2013-11-15T18:58:35","slug":"con-juan-de-mairena","status":"publish","type":"post","link":"https:\/\/blogs.hoy.es\/Juandomingofernandez\/2013\/11\/15\/con-juan-de-mairena\/","title":{"rendered":"Con Juan de Mairena"},"content":{"rendered":"<p>Se ha repetido muchas veces que vivimos en una sociedad que posee cada d\u00eda m\u00e1s informaci\u00f3n pero est\u00e1 cada d\u00eda menos informada. Nos avasallan los datos, la documentaci\u00f3n, pero eso no significa que poseamos m\u00e1s conocimiento, que seamos m\u00e1s \u2018sabios\u2019. Dir\u00eda que, seguramente, ocurre lo contrario.<br \/>\nLa sociedad de nuestros d\u00edas est\u00e1 disparando las cifras de los \u2018solitarios urbanos\u2019, atenazados en un modelo de vida donde el tiempo de convivencia se reduce porque hasta las tareas del ocio son cada vez m\u00e1s individuales, menos compartidas: los tel\u00e9fonos m\u00f3viles y las tabletas est\u00e1n ganando la partida incluso a las sesiones familiares de televisi\u00f3n y de cine. Pero tal situaci\u00f3n, en teor\u00eda proclive para fomentar una introspecci\u00f3n que condujera al razonamiento y a la \u2018pasi\u00f3n filos\u00f3fica\u2019 lo que alimenta es el gusto por la pura evasi\u00f3n y el espect\u00e1culo. Quiero decir que este modelo en vez de producir unas generaciones con miles de sabios lo que produce a espuertas son tuiteros&#8230;<br \/>\nEl chasco es mayor si reparamos en otros aspectos. Por ejemplo, el sentido cr\u00edtico frente a lo que podemos llamar el \u2018pensamiento dominante\u2019. En nuestra sociedad se fagocitan igual las ideas buenas, malas o mediopensionistas. Y todas con una vigencia que no viene marcada por su valor o su importancia, sino por las leyes internas de un mercado que se mueve en funci\u00f3n de tendencias, de intereses, que establecen las grandes corporaciones de las nuevas tecnolog\u00edas de la comunicaci\u00f3n y la banca, que adem\u00e1s de estar globalizadas no tienen, como el dinero, ni patria ni alma.<br \/>\nRecomienda Antonio Machado a trav\u00e9s de Juan de Mairena que se huya de escenarios, p\u00falpitos, plataformas y pedestales. \u00abNunca perd\u00e1is contacto con el suelo; porque s\u00f3lo as\u00ed tendr\u00e9is una idea aproximada de vuestra estatura\u00bb. Y hablando de lo saludables que son las posiciones esc\u00e9pticas, a\u00fan es m\u00e1s expl\u00edcito: \u00abConfieso mi escasa simpat\u00eda \u2013habla Juan de Mairena a sus alumnos\u2013 hacia aquellos pensadores que parecen estar siempre seguros de lo que dicen. Porque si no lo est\u00e1n bien lo simulan, son unos farsantes;  y si lo est\u00e1n, no son verdaderos pensadores, sino, cuando m\u00e1s, literatos, oradores, ret\u00f3ricos, hombres de ingenio y de acci\u00f3n, sensibles a los tonos y a los gestos, pero que nunca se enfrentaron con su propio pensar, propicios siempre a aceptar sin cr\u00edtica el ajeno\u00bb.<br \/>\nTratados como \u2018masas\u2019 (encima con la facilidad prestidigitadora de hacernos creer que somos cada vez m\u00e1s \u2018\u00fanicos\u2019) los ciudadanos estamos obligados especialmente ahora a desarrollar el sentido cr\u00edtico y la distancia cordial y saludable con quienes en verdad manejan los hilos de las marionetas.<br \/>\nYo me reconozco radicalmente machadiano en esta materia. Y entusiasta de las ense\u00f1anzas de Juan de Mairena, que lo explica mejor que nadie: \u00abEl escepticismo a que yo quisiera llevaros es m\u00e1s fuente de regocijo que de melancol\u00eda. Consiste en haceros dudar del pensamiento propio, aunque acept\u00e9is el ajeno por cortes\u00eda y sin da\u00f1o de vuestra conciencia\u00bb. Y luego les aclara: hay que pensar, en suma, sabiendo que los callejones tienen salida. Tienen salida.<\/p>\n<!-- AddThis Advanced Settings generic via filter on the_content --><!-- AddThis Share Buttons generic via filter on the_content -->","protected":false},"excerpt":{"rendered":"<p>Se ha repetido muchas veces que vivimos en una sociedad que posee cada d\u00eda m\u00e1s informaci\u00f3n pero est\u00e1 cada d\u00eda menos informada. Nos avasallan los datos, la documentaci\u00f3n, pero eso no significa que poseamos m\u00e1s conocimiento, que seamos m\u00e1s \u2018sabios\u2019. Dir\u00eda que, seguramente, ocurre lo contrario. La sociedad de nuestros d\u00edas est\u00e1 disparando las cifras [&hellip;]<!-- AddThis Advanced Settings generic via filter on get_the_excerpt --><!-- AddThis Share Buttons generic via filter on get_the_excerpt --><\/p>\n","protected":false},"author":13,"featured_media":0,"comment_status":"open","ping_status":"closed","sticky":false,"template":"","format":"standard","meta":[],"categories":[1],"tags":[86,262,272,489,624,707,982,1141],"_links":{"self":[{"href":"https:\/\/blogs.hoy.es\/Juandomingofernandez\/wp-json\/wp\/v2\/posts\/417"}],"collection":[{"href":"https:\/\/blogs.hoy.es\/Juandomingofernandez\/wp-json\/wp\/v2\/posts"}],"about":[{"href":"https:\/\/blogs.hoy.es\/Juandomingofernandez\/wp-json\/wp\/v2\/types\/post"}],"author":[{"embeddable":true,"href":"https:\/\/blogs.hoy.es\/Juandomingofernandez\/wp-json\/wp\/v2\/users\/13"}],"replies":[{"embeddable":true,"href":"https:\/\/blogs.hoy.es\/Juandomingofernandez\/wp-json\/wp\/v2\/comments?post=417"}],"version-history":[{"count":0,"href":"https:\/\/blogs.hoy.es\/Juandomingofernandez\/wp-json\/wp\/v2\/posts\/417\/revisions"}],"wp:attachment":[{"href":"https:\/\/blogs.hoy.es\/Juandomingofernandez\/wp-json\/wp\/v2\/media?parent=417"}],"wp:term":[{"taxonomy":"category","embeddable":true,"href":"https:\/\/blogs.hoy.es\/Juandomingofernandez\/wp-json\/wp\/v2\/categories?post=417"},{"taxonomy":"post_tag","embeddable":true,"href":"https:\/\/blogs.hoy.es\/Juandomingofernandez\/wp-json\/wp\/v2\/tags?post=417"}],"curies":[{"name":"wp","href":"https:\/\/api.w.org\/{rel}","templated":true}]}}