{"id":427,"date":"2014-01-10T10:42:23","date_gmt":"2014-01-10T09:42:23","guid":{"rendered":"http:\/\/blogs.hoy.es\/Juandomingofernandez\/?p=427"},"modified":"2014-01-10T10:42:23","modified_gmt":"2014-01-10T09:42:23","slug":"silbando-espero","status":"publish","type":"post","link":"https:\/\/blogs.hoy.es\/Juandomingofernandez\/2014\/01\/10\/silbando-espero\/","title":{"rendered":"Silbando espero"},"content":{"rendered":"<p>Asuntos tan espeluznantes como el caso G\u00fcrtel y otros que ocupan el platillo opuesto de la balanza deber\u00edan mostrar la importancia de la divisi\u00f3n de poderes en las sociedades democr\u00e1ticas; sin embargo, me parece que lo que est\u00e1n consiguiendo es multiplicar el descreimiento en dicha divisi\u00f3n. \u00bfEso qu\u00e9 significa? Que se extiende la idea de que por encima de los tres poderes definidos por Montesquieu: el legislativo, el ejecutivo y el judicial, existe un \u2018suprapoder\u2019 con m\u00faltiples ramificaciones capaz de conformar una realidad que trasciende los l\u00edmites y potestades del ejecutivo, del legislativo y del judicial. Una especie de superpoder \u2018f\u00e1ctico\u2019 capaz de sobrevolar las formalidades y de saltarse las reglas del juego. \u00bfConclusi\u00f3n? Ning\u00fan poderoso verdadero (ll\u00e1mese partido pol\u00edtico o fulanito de tal) ser\u00e1 \u2018justamente\u2019 castigado si existe proximidad o fuerte vinculaci\u00f3n con el \u2018suprapoder\u2019 de turno. Aunque los asuntos \u2013graves todos\u2013 causen alarma e irritaci\u00f3n. \u00bfY eso que significa? Pues lo que intuye el hombre de la calle: cuando se trata de ciertos \u2018peces gordos\u2019, nunca pasa nada. As\u00ed de simple.<br \/>\nY que conste que cuando hablo de poderes no incluyo, por supuesto, al mal llamado \u2018cuarto poder\u2019, una f\u00f3rmula coloquial m\u00e1s enga\u00f1osa que precisa. Creo que durante los \u00faltimos a\u00f1os ese \u2018cuarto poder\u2019 se ha reducido a un cautivo fagocitado masivamente por la tiran\u00eda del mercado, a excepci\u00f3n de algunos irreductibles que prosiguen con su tarea casi heroica de ofrecer informaci\u00f3n y opini\u00f3n plurales en vez de simple propaganda o g\u00e9nero de matute.<br \/>\nComo sosten\u00edan los alquimistas: lo de arriba es igual a lo de abajo; es decir, el microcosmos es igual al macrocosmos. Las derrotas morales y los abusos que se registran en la pol\u00edtica nacional tambi\u00e9n tienen su traslaci\u00f3n en la internacional, en la europea. As\u00ed que si nos anima el sentido pr\u00e1ctico, m\u00e1s nos valdr\u00eda ense\u00f1ar a nuestros escolares que la tradicional divisi\u00f3n de poderes (legislativo, ejecutivo y judicial) es un mero formulismo que se ha quedado obsoleto, fuera de juego, y que la tripleta que cuenta de verdad es la Troika, formada por la Comisi\u00f3n, el Banco Central Europeo (BCE) y el Fondo Monetario Internacional (FMI): tres personas distintas y un solo dios verdadero: el dinero, cuyo profeta son los mercados.<br \/>\nAunque hace ya casi dos d\u00e9cadas que se atribuye a Alfonso Guerra la frase: \u00abMontesquieu ha muerto\u00bb, la verdad es que nunca como ahora ha existido tan poco pudor a la hora de plantear la independencia de los poderes; o mejor, a la hora de constatar la distancia que hay entre lo que dice la teor\u00eda y lo que prueban los hechos. En las sociedades democr\u00e1ticas todos los poderes requieren contrapesos, medidas de control. Si la percepci\u00f3n en la calle es que uno de ellos (pongamos que el ejecutivo, por ejemplo) consigue romper el blindaje que garantiza la independencia de los otros poderes\u2026 apaga y v\u00e1monos. Especialmente cuando los conflictos no son simples an\u00e9cdotas sino casos que afectan a la propia estabilidad del sistema. Es un asunto serio. Y m\u00e1s serio a\u00fan cerrar los ojos y ponerse a silbar.<\/p>\n<p>C\u00e1ceres, 3 de enero de 2014.<\/p>\n<!-- AddThis Advanced Settings generic via filter on the_content --><!-- AddThis Share Buttons generic via filter on the_content -->","protected":false},"excerpt":{"rendered":"<p>Asuntos tan espeluznantes como el caso G\u00fcrtel y otros que ocupan el platillo opuesto de la balanza deber\u00edan mostrar la importancia de la divisi\u00f3n de poderes en las sociedades democr\u00e1ticas; sin embargo, me parece que lo que est\u00e1n consiguiendo es multiplicar el descreimiento en dicha divisi\u00f3n. \u00bfEso qu\u00e9 significa? Que se extiende la idea de [&hellip;]<!-- AddThis Advanced Settings generic via filter on get_the_excerpt --><!-- AddThis Share Buttons generic via filter on get_the_excerpt --><\/p>\n","protected":false},"author":13,"featured_media":0,"comment_status":"open","ping_status":"closed","sticky":false,"template":"","format":"standard","meta":[],"categories":[1],"tags":[204,319,359,1288],"_links":{"self":[{"href":"https:\/\/blogs.hoy.es\/Juandomingofernandez\/wp-json\/wp\/v2\/posts\/427"}],"collection":[{"href":"https:\/\/blogs.hoy.es\/Juandomingofernandez\/wp-json\/wp\/v2\/posts"}],"about":[{"href":"https:\/\/blogs.hoy.es\/Juandomingofernandez\/wp-json\/wp\/v2\/types\/post"}],"author":[{"embeddable":true,"href":"https:\/\/blogs.hoy.es\/Juandomingofernandez\/wp-json\/wp\/v2\/users\/13"}],"replies":[{"embeddable":true,"href":"https:\/\/blogs.hoy.es\/Juandomingofernandez\/wp-json\/wp\/v2\/comments?post=427"}],"version-history":[{"count":0,"href":"https:\/\/blogs.hoy.es\/Juandomingofernandez\/wp-json\/wp\/v2\/posts\/427\/revisions"}],"wp:attachment":[{"href":"https:\/\/blogs.hoy.es\/Juandomingofernandez\/wp-json\/wp\/v2\/media?parent=427"}],"wp:term":[{"taxonomy":"category","embeddable":true,"href":"https:\/\/blogs.hoy.es\/Juandomingofernandez\/wp-json\/wp\/v2\/categories?post=427"},{"taxonomy":"post_tag","embeddable":true,"href":"https:\/\/blogs.hoy.es\/Juandomingofernandez\/wp-json\/wp\/v2\/tags?post=427"}],"curies":[{"name":"wp","href":"https:\/\/api.w.org\/{rel}","templated":true}]}}