{"id":43,"date":"2006-06-27T00:44:14","date_gmt":"2006-06-27T00:44:14","guid":{"rendered":"http:\/\/blogs.hoy.es\/Juandomingofernandez\/?p=43"},"modified":"2006-06-27T00:44:14","modified_gmt":"2006-06-27T00:44:14","slug":"patria-testicular","status":"publish","type":"post","link":"https:\/\/blogs.hoy.es\/Juandomingofernandez\/2006\/06\/27\/patria-testicular\/","title":{"rendered":"Patria testicular"},"content":{"rendered":"<p class=\"MsoNormal\" style=\"text-align: left;\"><span style=\"font-size: medium;\"><span lang=\"ES-TRAD\">Con las banderas, hay que tener mucho<br \/>\ncuidado porque las carga el diablo. Te ilusionan haci\u00e9ndote creer que son una<br \/>\ntela de abrigo, y en realidad son una mortaja. Entre sus hilachas se han<br \/>\npodrido millones de hombres antes de volver a la eternidad, esa estaci\u00f3n<br \/>\nT\u00e9rmini donde no ondean banderas ni hay postes fronterizos. Al calor del<br \/>\nnacionalismo (un sentimiento at\u00e1vico, usual en el hombre propenso a las<br \/>\nense\u00f1as) se multiplican las muestras de &#8216;amor patrio&#8217;, por lo general bajo<br \/>\nintereses de dudosa bondad. <\/span><\/span><\/p>\n<p class=\"MsoNormal\" style=\"text-align: left;\"><span style=\"font-size: medium;\"><span lang=\"ES-TRAD\">La primera vez que sal\u00ed de casa de mis<br \/>\npadres para vivir en otra ciudad me ech\u00e9 al bolsillo un libro sobre mi tierra,<br \/>\nExtremadura (no quer\u00eda perder su acento) y una cita de Antonio Machado para<br \/>\n&#8216;vacunarme&#8217; contra el nacionalismo excluyente o el patriotismo de cart\u00f3n<br \/>\npiedra. \u00abLa patria\u00bb, dec\u00eda Machado, \u00abes un sentimiento del que suelen jactarse<br \/>\nlos se\u00f1oritos. Cuando llegan los trances, los se\u00f1oritos la invocan y la venden.<br \/>\nEl pueblo la compra con su sangre y no la mienta siquiera\u00bb. La historia est\u00e1<br \/>\nllena de pasajes que le dan la raz\u00f3n a Machado.<\/span><\/span><\/p>\n<p class=\"MsoNormal\" style=\"text-align: left;\"><span style=\"font-size: medium;\"><span lang=\"ES-TRAD\">Algunos j\u00f3venes creen que esa prevenci\u00f3n<br \/>\ncontra el &#8216;patrioterismo&#8217; es cosa moderna, y enseguida tararean la canci\u00f3n de<br \/>\nSabina en la pel\u00edcula de Torrente: \u00abLa patria es una fulana&#8230;\u00bb. <\/span><\/span><\/p>\n<p class=\"MsoNormal\" style=\"text-align: left;\"><span style=\"font-size: medium;\"><span lang=\"ES-TRAD\">Pero la cosa viene de antiguo. El viejo<br \/>\nHerodoto -ahora puesto de actualidad por el maestro Kapuscinski- cuenta que<br \/>\ncuando vituperaron a unos soldados egipcios por haberse pasado a servir a otro<br \/>\npueblo y al invocarles el nombre de la patria, los soldados se se\u00f1alaron sus<br \/>\nzonas genitales y contestaron: \u00abDonde va esto, va la patria\u00bb. Aquellos ya<br \/>\nten\u00edan la lecci\u00f3n bien aprendida. Por lo que a m\u00ed respecta, si alguien sabe<br \/>\ndecirme de qu\u00e9 patria es el dinero, que venga y me muestre esa bandera, que ya<br \/>\nsopesar\u00e9 yo si me saco el pasaporte.<\/span><\/span><\/p>\n<!-- AddThis Advanced Settings generic via filter on the_content --><!-- AddThis Share Buttons generic via filter on the_content -->","protected":false},"excerpt":{"rendered":"<p>Con las banderas, hay que tener mucho cuidado porque las carga el diablo. Te ilusionan haci\u00e9ndote creer que son una tela de abrigo, y en realidad son una mortaja. Entre sus hilachas se han podrido millones de hombres antes de volver a la eternidad, esa estaci\u00f3n T\u00e9rmini donde no ondean banderas ni hay postes fronterizos. [&hellip;]<!-- AddThis Advanced Settings generic via filter on get_the_excerpt --><!-- AddThis Share Buttons generic via filter on get_the_excerpt --><\/p>\n","protected":false},"author":13,"featured_media":0,"comment_status":"open","ping_status":"closed","sticky":false,"template":"","format":"standard","meta":[],"categories":[2],"tags":[],"_links":{"self":[{"href":"https:\/\/blogs.hoy.es\/Juandomingofernandez\/wp-json\/wp\/v2\/posts\/43"}],"collection":[{"href":"https:\/\/blogs.hoy.es\/Juandomingofernandez\/wp-json\/wp\/v2\/posts"}],"about":[{"href":"https:\/\/blogs.hoy.es\/Juandomingofernandez\/wp-json\/wp\/v2\/types\/post"}],"author":[{"embeddable":true,"href":"https:\/\/blogs.hoy.es\/Juandomingofernandez\/wp-json\/wp\/v2\/users\/13"}],"replies":[{"embeddable":true,"href":"https:\/\/blogs.hoy.es\/Juandomingofernandez\/wp-json\/wp\/v2\/comments?post=43"}],"version-history":[{"count":0,"href":"https:\/\/blogs.hoy.es\/Juandomingofernandez\/wp-json\/wp\/v2\/posts\/43\/revisions"}],"wp:attachment":[{"href":"https:\/\/blogs.hoy.es\/Juandomingofernandez\/wp-json\/wp\/v2\/media?parent=43"}],"wp:term":[{"taxonomy":"category","embeddable":true,"href":"https:\/\/blogs.hoy.es\/Juandomingofernandez\/wp-json\/wp\/v2\/categories?post=43"},{"taxonomy":"post_tag","embeddable":true,"href":"https:\/\/blogs.hoy.es\/Juandomingofernandez\/wp-json\/wp\/v2\/tags?post=43"}],"curies":[{"name":"wp","href":"https:\/\/api.w.org\/{rel}","templated":true}]}}