{"id":432,"date":"2014-01-24T21:05:33","date_gmt":"2014-01-24T20:05:33","guid":{"rendered":"http:\/\/blogs.hoy.es\/Juandomingofernandez\/?p=432"},"modified":"2014-01-24T21:05:33","modified_gmt":"2014-01-24T20:05:33","slug":"de-el-caso-a-diogenes","status":"publish","type":"post","link":"https:\/\/blogs.hoy.es\/Juandomingofernandez\/2014\/01\/24\/de-el-caso-a-diogenes\/","title":{"rendered":"De &#039;El Caso&#039; a Di\u00f3genes"},"content":{"rendered":"<p>CUANDO yo era peque\u00f1o se editaba un peri\u00f3dico de sucesos, \u2018El Caso\u2019, lleno de noticias truculentas: cr\u00edmenes horrendos, violaciones, fen\u00f3menos misteriosos\u2026 Aquella publicaci\u00f3n iba dirigida a un p\u00fablico poco interesado por otros aspectos de la actualidad; quiero decir que quienes frecuentaban sus p\u00e1ginas no se sent\u00edan desenga\u00f1ados por encontrar, precisamente, lo que all\u00ed iban buscando. Nada de informaci\u00f3n subliminal ni doble sentido. El lector que se asomaba a aquellas historias sab\u00eda que no iba a toparse con la firma de Azor\u00edn, ni con la de Juli\u00e1n Mar\u00edas. Nadie se sent\u00eda enga\u00f1ado. Como tampoco se sent\u00edan enga\u00f1ados quienes devoraban las novelas de Marcial Lafuente Estefan\u00eda, las exitosas obras de Cor\u00edn Tellado y las fotonovelas que recreaban todo tipo de historias amorosas en un pa\u00eds que empezaba a desperezarse del subdesarrollo y la censura.<br \/>\nEse mercado potencial de temas y lectores no ha desaparecido, tan solo ha cambiado de ubicaci\u00f3n. Coloniza ahora un ecosistema medi\u00e1tico al que solemos referirnos como \u2018telebasura\u2019. Pero decimos \u2018telebasura\u2019 de manera coloquial, para entendernos, porque esos contenidos que hac\u00edan las delicias de los lectores de \u2018El Caso\u2019 y rara vez traspasaban las fronteras de la prensa generalista se los han subrogado ahora muchos peri\u00f3dicos, radios, televisiones y digitales hasta el extremo de que parece la misma sustancia escapada de la m\u00e1quina del tiempo.<br \/>\nLas p\u00e1ginas de nacional y de pol\u00edtica, los contenidos de las tertulias y los \u2018magazines\u2019 de radio y televisi\u00f3n no envidian ya a las p\u00e1ginas de \u2018El Caso\u2019. Por los temas y por la manera en que se abordan. En la actualidad hay asuntos relativos a la corrupci\u00f3n vinculada a los partidos pol\u00edticos y esc\u00e1ndalos en el mundo financiero y empresarial que convierten en ursulinas a los protagonistas de las historias truculentas que aparec\u00edan en aquel semanario de sucesos.<br \/>\nNecesitamos a muchos Di\u00f3genes que tomen la l\u00e1mpara y salgan a la calle buscando honradez, moralidad, decencia. Muchos Di\u00f3genes contempor\u00e1neos y muchas l\u00e1mparas que alumbren con potencia, porque donde quiera que los medios de informaci\u00f3n (no digo los de propaganda) centran el foco, surge alg\u00fan esc\u00e1ndalo. Se equivocan quienes creen que a los periodistas no nos gusta dar buenas noticias. Es falso. Como es falso eso de que \u00ablas buenas noticias no son noticia\u00bb. Claro que lo son. Lo que ocurre es que no abundan, para nuestra desgracia. Atenazados en la espiral de los desmanes, en la persistencia del morbo, la dura realidad del panorama te acerca m\u00e1s a Quevedo: \u00abMir\u00e9 los muros de la patria m\u00eda, \/ si un tiempo fuertes ya desmoronados\u00bb que al optimismo ingenuo del \u2018Himno a la alegr\u00eda\u2019. Por muchos repuntes que anuncien el FMI y los ponentes del Foro Econ\u00f3mico Mundial de Davos.<br \/>\nNos han machacado tanto con el binomio \u2018crisis-econom\u00eda\u2019 que hemos llegado a creer que ese par de palabras constituye la columna vertebral de nuestros problemas. Pero es otra falsedad. El aut\u00e9ntico repunte a fomentar no es el de la riqueza, sino el de la moral. Sobre todo la p\u00fablica. Y que nos tachen de pesimistas, o de inconscientes.<\/p>\n<!-- AddThis Advanced Settings generic via filter on the_content --><!-- AddThis Share Buttons generic via filter on the_content -->","protected":false},"excerpt":{"rendered":"<p>CUANDO yo era peque\u00f1o se editaba un peri\u00f3dico de sucesos, \u2018El Caso\u2019, lleno de noticias truculentas: cr\u00edmenes horrendos, violaciones, fen\u00f3menos misteriosos\u2026 Aquella publicaci\u00f3n iba dirigida a un p\u00fablico poco interesado por otros aspectos de la actualidad; quiero decir que quienes frecuentaban sus p\u00e1ginas no se sent\u00edan desenga\u00f1ados por encontrar, precisamente, lo que all\u00ed iban buscando. [&hellip;]<!-- AddThis Advanced Settings generic via filter on get_the_excerpt --><!-- AddThis Share Buttons generic via filter on get_the_excerpt --><\/p>\n","protected":false},"author":13,"featured_media":0,"comment_status":"open","ping_status":"closed","sticky":false,"template":"","format":"standard","meta":[],"categories":[1],"tags":[7,287,297,351,412,422,875,987,1222,1241],"_links":{"self":[{"href":"https:\/\/blogs.hoy.es\/Juandomingofernandez\/wp-json\/wp\/v2\/posts\/432"}],"collection":[{"href":"https:\/\/blogs.hoy.es\/Juandomingofernandez\/wp-json\/wp\/v2\/posts"}],"about":[{"href":"https:\/\/blogs.hoy.es\/Juandomingofernandez\/wp-json\/wp\/v2\/types\/post"}],"author":[{"embeddable":true,"href":"https:\/\/blogs.hoy.es\/Juandomingofernandez\/wp-json\/wp\/v2\/users\/13"}],"replies":[{"embeddable":true,"href":"https:\/\/blogs.hoy.es\/Juandomingofernandez\/wp-json\/wp\/v2\/comments?post=432"}],"version-history":[{"count":0,"href":"https:\/\/blogs.hoy.es\/Juandomingofernandez\/wp-json\/wp\/v2\/posts\/432\/revisions"}],"wp:attachment":[{"href":"https:\/\/blogs.hoy.es\/Juandomingofernandez\/wp-json\/wp\/v2\/media?parent=432"}],"wp:term":[{"taxonomy":"category","embeddable":true,"href":"https:\/\/blogs.hoy.es\/Juandomingofernandez\/wp-json\/wp\/v2\/categories?post=432"},{"taxonomy":"post_tag","embeddable":true,"href":"https:\/\/blogs.hoy.es\/Juandomingofernandez\/wp-json\/wp\/v2\/tags?post=432"}],"curies":[{"name":"wp","href":"https:\/\/api.w.org\/{rel}","templated":true}]}}