{"id":438,"date":"2014-02-28T10:24:31","date_gmt":"2014-02-28T09:24:31","guid":{"rendered":"http:\/\/blogs.hoy.es\/Juandomingofernandez\/?p=438"},"modified":"2014-02-28T10:24:31","modified_gmt":"2014-02-28T09:24:31","slug":"larra-todavia","status":"publish","type":"post","link":"https:\/\/blogs.hoy.es\/Juandomingofernandez\/2014\/02\/28\/larra-todavia\/","title":{"rendered":"Larra, todav\u00eda"},"content":{"rendered":"<p>Confieso que por estas fechas tan se\u00f1aladas de carnaval a m\u00ed me da por releer los art\u00edculos de <a href=\"http:\/\/es.wikipedia.org\/wiki\/Mariano_Jos%C3%A9_de_Larra\" target=\"_blank\">Larra<\/a>, igual que a <a href=\"http:\/\/es.wikipedia.org\/wiki\/Manuel_Vicent\" target=\"_blank\">Manuel Vicent<\/a> en cuanto se acerca la feria de San Isidro le da por escribir una columna antitaurina rebosante de casquer\u00eda, cuajarones de sangre de toro, moscas, escupitajos, humo de habanos y maldiciones. En esta ocasi\u00f3n, sin embargo, voy a ahorrarles la glosa de \u2018Todo el a\u00f1o es Carnaval\u2019, he escogido otro art\u00edculo de costumbres: \u2018\u00bfEntre qu\u00e9 gente estamos?\u2019.<br \/>\n Cuenta Larra la visita de un extranjero, antiguo amigo suyo de colegio, al que quiso mostrarle los deberes de la hospitalidad. As\u00ed, presenciamos c\u00f3mo se las ven para contratar un carruaje y los modos del due\u00f1o del negocio. Cuando le recrimina por las malas condiciones del \u2018inseguro mueble\u2019 que era aquel carruaje polvoriento, el due\u00f1o le sale por peteneras y dice: \u00abPues no hay otro\u00bb y cuando se dio la vuelta, a\u00f1adi\u00f3: \u00ab\u00a1A Par\u00eds por gangas!\u00bb. Luego tienen que sufrir miradas de esas \u00abque arreba\u00f1an a la persona\u00bb o gestos y exclamaciones que solo se ven \u00abentre los majos del pa\u00eds\u00bb. El recorrido ejemplar de Larra con su amigo incluye visitas a una polic\u00eda dominada por la molicie, a funcionarios desvergonzados y z\u00e1nganos, a un sastre, a camareros que se toman excesivas confianzas, a dependientes que adem\u00e1s de no atender responden sin pizca de educaci\u00f3n, a carboneros y aguadores que te piden por la calle el cigarro para encender el suyo y te lo devuelven manoseado y sin ocurr\u00edrseles agradecer el gesto&#8230; Una de las escenas m\u00e1s llamativas del art\u00edculo y que incita al extranjero a preguntarse \u00ab\u00bfEntre qu\u00e9 gente estamos?\u00bb se produce en la casa del hombre que alquilaba calesas: \u00ab&#8230;y al decir esto, sali\u00f3 una mujer y dos o tres mozos de cuadra;  y lleg\u00e1ronse a o\u00edr cuatro o seis vecinos y catorce o quince curiosos transe\u00fantes;  y como el calesero hablaba en majo y respond\u00eda en desvergonzado, y fumaba y escup\u00eda por el colmillo, e insultaba a la gente decente, el auditorio daba la raz\u00f3n al calesero y le aplaud\u00eda y soltaba la carcajada y le animaba a seguir; en fin, solo una retirada a tiempo pudo salvarnos de alguna cosa peor\u00bb.<br \/>\nReleo el pasaje y pienso que ya es dif\u00edcil encontrarse en la Espa\u00f1a actual una escena similar, salvo que hablemos de ciertos programas televisivos en los que no desentonar\u00eda para nada la fanforroner\u00eda y los di\u00e1logos del art\u00edculo. Me consuela pensar que la Espa\u00f1a de Larra \u2013\u00abnuestra patria, siempre la misma; siempre jugando a la gallina ciega con su felicidad\u00bb\u2013, no admitir\u00eda astracanadas de esa magnitud pero s\u00ed bastante parecidas.<br \/>\nMe parece que sus denuncias no han perdido vigencia. El d\u00eda que Larra y sus art\u00edculos se conviertan en piezas de arqueolog\u00eda period\u00edstica habremos conquistado una modernidad que no es desde luego la del siglo XX ni la de estos a\u00f1os del siglo XXI. Ese d\u00eda s\u00ed que habr\u00e1 muerto de verdad aquel escritor que se suicid\u00f3 a los 27 a\u00f1os de edad. Ya s\u00e9 que no es muy pertinente ponerse aguafiestas ahora que estamos en carnaval. Lo siento de veras. El pr\u00f3ximo a\u00f1o en vez de releer a Larra prometo buscar a alg\u00fan autor de ficci\u00f3n que cante las maravillas del mundo. Si lo encuentro.<\/p>\n<!-- AddThis Advanced Settings generic via filter on the_content --><!-- AddThis Share Buttons generic via filter on the_content -->","protected":false},"excerpt":{"rendered":"<p>Confieso que por estas fechas tan se\u00f1aladas de carnaval a m\u00ed me da por releer los art\u00edculos de Larra, igual que a Manuel Vicent en cuanto se acerca la feria de San Isidro le da por escribir una columna antitaurina rebosante de casquer\u00eda, cuajarones de sangre de toro, moscas, escupitajos, humo de habanos y maldiciones. [&hellip;]<!-- AddThis Advanced Settings generic via filter on get_the_excerpt --><!-- AddThis Share Buttons generic via filter on get_the_excerpt --><\/p>\n","protected":false},"author":13,"featured_media":0,"comment_status":"open","ping_status":"closed","sticky":false,"template":"","format":"standard","meta":[],"categories":[1],"tags":[101,289,422,863],"_links":{"self":[{"href":"https:\/\/blogs.hoy.es\/Juandomingofernandez\/wp-json\/wp\/v2\/posts\/438"}],"collection":[{"href":"https:\/\/blogs.hoy.es\/Juandomingofernandez\/wp-json\/wp\/v2\/posts"}],"about":[{"href":"https:\/\/blogs.hoy.es\/Juandomingofernandez\/wp-json\/wp\/v2\/types\/post"}],"author":[{"embeddable":true,"href":"https:\/\/blogs.hoy.es\/Juandomingofernandez\/wp-json\/wp\/v2\/users\/13"}],"replies":[{"embeddable":true,"href":"https:\/\/blogs.hoy.es\/Juandomingofernandez\/wp-json\/wp\/v2\/comments?post=438"}],"version-history":[{"count":0,"href":"https:\/\/blogs.hoy.es\/Juandomingofernandez\/wp-json\/wp\/v2\/posts\/438\/revisions"}],"wp:attachment":[{"href":"https:\/\/blogs.hoy.es\/Juandomingofernandez\/wp-json\/wp\/v2\/media?parent=438"}],"wp:term":[{"taxonomy":"category","embeddable":true,"href":"https:\/\/blogs.hoy.es\/Juandomingofernandez\/wp-json\/wp\/v2\/categories?post=438"},{"taxonomy":"post_tag","embeddable":true,"href":"https:\/\/blogs.hoy.es\/Juandomingofernandez\/wp-json\/wp\/v2\/tags?post=438"}],"curies":[{"name":"wp","href":"https:\/\/api.w.org\/{rel}","templated":true}]}}