{"id":44,"date":"2006-07-05T00:22:22","date_gmt":"2006-07-05T00:22:22","guid":{"rendered":"http:\/\/blogs.hoy.es\/Juandomingofernandez\/?p=44"},"modified":"2006-07-05T00:22:22","modified_gmt":"2006-07-05T00:22:22","slug":"le-gusta","status":"publish","type":"post","link":"https:\/\/blogs.hoy.es\/Juandomingofernandez\/2006\/07\/05\/le-gusta\/","title":{"rendered":"\u00bfLe gusta?"},"content":{"rendered":"<p class=\"MsoNormal\" align=\"left\"><font face=\"Times New Roman\" size=\"4\"><span lang=\"ES-TRAD\">Uno de los espacios m\u00e1s singulares en los<br \/>\nque he cenado en mi vida es la sala principal del Museo Guggenheim de Bilbao,<br \/>\nen aquel momento reservada para una reuni\u00f3n empresarial a la que yo acud\u00eda como<br \/>\ninvitado formando parte de un nutrido grupo de periodistas.<\/span><\/font><\/p>\n<div align=\"left\"><\/div>\n<p class=\"MsoNormal\" align=\"left\"><font face=\"Times New Roman\" size=\"4\"><span lang=\"ES-TRAD\">De aquella cena, servida por un<br \/>\nrestaurante de primer\u00edsimo nivel, apenas ha sobrevivido el recuerdo de un<br \/>\ndetalle: el susto de muerte que me llev\u00e9 cuando en el silencio de la noche y<br \/>\nmientras fumaba un cigarrillo, se encendi\u00f3 con un fogonazo estruendoso una de<br \/>\nlas &#8216;fumarolas&#8217; decorativas del estanque que rodea al Guggenheim. Juro por lo<br \/>\nm\u00e1s sagrado que en aquel santiam\u00e9n (con atentados terroristas cada dos por<br \/>\ntres) lo primero que pens\u00e9 al o\u00edr el zumbido de la llamarada no fue<br \/>\nprecisamente en una luz decorativa&#8230; <\/span><\/font><\/p>\n<div align=\"left\"><\/div>\n<p class=\"MsoNormal\" align=\"left\"><font face=\"Times New Roman\" size=\"4\"><span lang=\"ES-TRAD\">A lo que iba. Guardo el recuerdo del<br \/>\nlugar: un museo que he visitado en m\u00e1s ocasiones y que me cautiva por su<br \/>\ncolecci\u00f3n de arte contempor\u00e1neo norteamericano, adem\u00e1s de por el edificio en<br \/>\ns\u00ed; pero no consigo acordarme, por ejemplo, de qu\u00e9 platos cen\u00e9 y que vino beb\u00ed.<\/span><\/font><\/p>\n<div align=\"left\"><\/div>\n<p class=\"MsoNormal\" align=\"left\"><font face=\"Times New Roman\" size=\"4\"><span lang=\"ES-TRAD\">Si dentro de un a\u00f1o el proyecto anunciado<br \/>\npor Javier Corominas, presidente de la Agencia Extreme\u00f1a de la Vivienda, sale adelante y se construye una nueva barriada en los terrenos de la cantera<br \/>\nde Olleta, C\u00e1ceres habr\u00e1 entrado en el <span style=\"\"><\/span>selecto club de la arquitectura contempor\u00e1nea<br \/>\nporque el urbanismo de esa zona ser\u00e1 dise\u00f1ado por un arquitecto de renombre<br \/>\nmundial: el portugu\u00e9s Alvaro Siza, director de la reconstrucci\u00f3n del Chiado<br \/>\nlisboeta tras el gran incendio y autor, entre otros, de la ahora pol\u00e9mica<br \/>\nremodelaci\u00f3n del Paseo del Prado en Madrid.<\/span><\/font><\/p>\n<div align=\"left\"><\/div>\n<div align=\"left\"><font face=\"Times New Roman\"><span lang=\"ES-TRAD\"><font size=\"4\">Si dentro de poco en esa ladera de la Monta\u00f1a alguien abre un<br \/>\nrestaurante y acudo a \u00e9l, conf\u00edo en que el cocinero logre hacerme recordar el<br \/>\nmen\u00fa por su talento gastron\u00f3mico, no por el valor del arquitecto que ha<br \/>\ndise\u00f1ado el entorno.<\/font><\/span><\/font><\/div>\n<p class=\"MsoNormal\"><font face=\"Times New Roman\"><span lang=\"ES-TRAD\"> <\/span><\/font><\/p>\n<!-- AddThis Advanced Settings generic via filter on the_content --><!-- AddThis Share Buttons generic via filter on the_content -->","protected":false},"excerpt":{"rendered":"<p>Uno de los espacios m\u00e1s singulares en los que he cenado en mi vida es la sala principal del Museo Guggenheim de Bilbao, en aquel momento reservada para una reuni\u00f3n empresarial a la que yo acud\u00eda como invitado formando parte de un nutrido grupo de periodistas. De aquella cena, servida por un restaurante de primer\u00edsimo [&hellip;]<!-- AddThis Advanced Settings generic via filter on get_the_excerpt --><!-- AddThis Share Buttons generic via filter on get_the_excerpt --><\/p>\n","protected":false},"author":13,"featured_media":0,"comment_status":"open","ping_status":"closed","sticky":false,"template":"","format":"standard","meta":[],"categories":[2],"tags":[],"_links":{"self":[{"href":"https:\/\/blogs.hoy.es\/Juandomingofernandez\/wp-json\/wp\/v2\/posts\/44"}],"collection":[{"href":"https:\/\/blogs.hoy.es\/Juandomingofernandez\/wp-json\/wp\/v2\/posts"}],"about":[{"href":"https:\/\/blogs.hoy.es\/Juandomingofernandez\/wp-json\/wp\/v2\/types\/post"}],"author":[{"embeddable":true,"href":"https:\/\/blogs.hoy.es\/Juandomingofernandez\/wp-json\/wp\/v2\/users\/13"}],"replies":[{"embeddable":true,"href":"https:\/\/blogs.hoy.es\/Juandomingofernandez\/wp-json\/wp\/v2\/comments?post=44"}],"version-history":[{"count":0,"href":"https:\/\/blogs.hoy.es\/Juandomingofernandez\/wp-json\/wp\/v2\/posts\/44\/revisions"}],"wp:attachment":[{"href":"https:\/\/blogs.hoy.es\/Juandomingofernandez\/wp-json\/wp\/v2\/media?parent=44"}],"wp:term":[{"taxonomy":"category","embeddable":true,"href":"https:\/\/blogs.hoy.es\/Juandomingofernandez\/wp-json\/wp\/v2\/categories?post=44"},{"taxonomy":"post_tag","embeddable":true,"href":"https:\/\/blogs.hoy.es\/Juandomingofernandez\/wp-json\/wp\/v2\/tags?post=44"}],"curies":[{"name":"wp","href":"https:\/\/api.w.org\/{rel}","templated":true}]}}