{"id":440,"date":"2014-03-07T11:00:45","date_gmt":"2014-03-07T10:00:45","guid":{"rendered":"http:\/\/blogs.hoy.es\/Juandomingofernandez\/?p=440"},"modified":"2014-03-07T11:00:45","modified_gmt":"2014-03-07T10:00:45","slug":"la-mula-torda","status":"publish","type":"post","link":"https:\/\/blogs.hoy.es\/Juandomingofernandez\/2014\/03\/07\/la-mula-torda\/","title":{"rendered":"La &#039;mula torda&#039;"},"content":{"rendered":"<p>No puede negarse que nos anima la vocaci\u00f3n necrol\u00f3gica, especialmente cuando se trata de h\u00e9roes distantes cuya convivencia ni nos compromete ni nos incomoda, ll\u00e1mense Nelson Mandela, Lou Reed o ayer mismo <a href=\"http:\/\/www.hoy.es\/rc\/20140306\/mas-actualidad\/cultura\/muere-poeta-leopoldo-maria-201403060919.html\" target=\"_blank\">Leopoldo Mar\u00eda Panero<\/a>, uno de esos poetas al que las palabras maldito y marginalidad eran las \u00fanicas que le sentaban como un traje a medida.<br \/>\nHay quien se empe\u00f1a tambi\u00e9n en anticipar la vocaci\u00f3n necrol\u00f3gica con una precocidad inquietante, como esa chica de 14 a\u00f1os que agrede brutalmente a otra menor de su misma edad en las inmediaciones de un centro educativo de Sabadell, d\u00e1ndole patadas y golpes en la cabeza o arrastr\u00e1ndola por el cabello mientras otras compa\u00f1eras graban la escena con el tel\u00e9fono m\u00f3vil y se ejercitan en el \u2018no afirmativo\u2019, es decir, en exclamar \u00ab\u00a1ya basta!\u00bb y otras lindezas pero sin dejar de grabar y lo que es peor, sin mover un dedo para ayudar a la v\u00edctima. Qu\u00e9 ganado. Y qu\u00e9 obscenidad la de esas muchachas que adem\u00e1s de presenciar c\u00f3mo la \u2018mula torda\u2019 de 14 a\u00f1os patea a la menor, le facilitan despu\u00e9s la grabaci\u00f3n para colgar el v\u00eddeo en las redes sociales y que toda la pe\u00f1a se entere tambi\u00e9n de c\u00f3mo sollozaba y se lamentaba en el suelo hecha un ovillo ante la tormenta de golpes. Porque ya sabes, bonita, lo que no se cuenta no existe.<br \/>\nEs verdad que el fen\u00f3meno no es exclusivo de ning\u00fan pa\u00eds y probablemente de ninguna \u00e9poca. Peleas, palizas y comportamientos brutales han existido siempre, lo inquietante ahora es la banalizaci\u00f3n de esos comportamientos y su conversi\u00f3n, a trav\u00e9s de las redes sociales, en mero espect\u00e1culo, como si la globalizaci\u00f3n nos indujera a criar aprendices de Tarantino que en vez de rodar con ketchup y especialistas de cine, lo hacen con sangre real y actores de carne y hueso. A ser posible docentes o alumnos indefensos.<br \/>\nEsta tendencia constituye una transgresi\u00f3n doblemente abominable: contribuye a que los m\u00e1s j\u00f3venes perciban la violencia como algo cotidiano, consustancial con la convivencia \u2013desde peque\u00f1ito se cr\u00eda el arbolito\u2013 y por otra parte ayuda a reproducir de forma masiva en las redes sociales pautas de comportamiento donde la frontera entre realidad y ficci\u00f3n casi no existe.<br \/>\nMuchos ni\u00f1os y adolescentes de la misma generaci\u00f3n que la \u2018mula torda\u2019 de Sabadell llegar\u00e1n a la madurez habiendo visto decenas o centenares de episodios violentos rodados no en un plat\u00f3 de cine sino en cualquier rinc\u00f3n de Chicago, de Pek\u00edn, de Londres o de M\u00e9xico. Ya no se trata de salir a dar palizas como en \u2018La naranja mec\u00e1nica\u2019, ahora es preciso llevar el m\u00f3vil y poder grabar la agresi\u00f3n. A la busca del \u2018trending topic\u2019.<br \/>\nPor cierto, la respuesta al episodio de Sabadell resulta esperanzadora. Tras la denuncia de la familia de la v\u00edctima, los Mossos d\u2019Esquadra derivaron el caso a la Fiscal\u00eda de Menores; la agresora ha sido expulsada del centro en el que estudia y,  seg\u00fan informan las agencias, los Mossos se pondr\u00e1n en contacto con ese centro escolar para concienciar a los j\u00f3venes en contra del uso de la violencia y su reflejo en Internet.<br \/>\nFin del corto. De la serie, no s\u00e9.<\/p>\n<!-- AddThis Advanced Settings generic via filter on the_content --><!-- AddThis Share Buttons generic via filter on the_content -->","protected":false},"excerpt":{"rendered":"<p>No puede negarse que nos anima la vocaci\u00f3n necrol\u00f3gica, especialmente cuando se trata de h\u00e9roes distantes cuya convivencia ni nos compromete ni nos incomoda, ll\u00e1mense Nelson Mandela, Lou Reed o ayer mismo Leopoldo Mar\u00eda Panero, uno de esos poetas al que las palabras maldito y marginalidad eran las \u00fanicas que le sentaban como un traje [&hellip;]<!-- AddThis Advanced Settings generic via filter on get_the_excerpt --><!-- AddThis Share Buttons generic via filter on get_the_excerpt --><\/p>\n","protected":false},"author":13,"featured_media":0,"comment_status":"open","ping_status":"closed","sticky":false,"template":"","format":"standard","meta":[],"categories":[1],"tags":[29,484,751,1080,1087,1343],"_links":{"self":[{"href":"https:\/\/blogs.hoy.es\/Juandomingofernandez\/wp-json\/wp\/v2\/posts\/440"}],"collection":[{"href":"https:\/\/blogs.hoy.es\/Juandomingofernandez\/wp-json\/wp\/v2\/posts"}],"about":[{"href":"https:\/\/blogs.hoy.es\/Juandomingofernandez\/wp-json\/wp\/v2\/types\/post"}],"author":[{"embeddable":true,"href":"https:\/\/blogs.hoy.es\/Juandomingofernandez\/wp-json\/wp\/v2\/users\/13"}],"replies":[{"embeddable":true,"href":"https:\/\/blogs.hoy.es\/Juandomingofernandez\/wp-json\/wp\/v2\/comments?post=440"}],"version-history":[{"count":0,"href":"https:\/\/blogs.hoy.es\/Juandomingofernandez\/wp-json\/wp\/v2\/posts\/440\/revisions"}],"wp:attachment":[{"href":"https:\/\/blogs.hoy.es\/Juandomingofernandez\/wp-json\/wp\/v2\/media?parent=440"}],"wp:term":[{"taxonomy":"category","embeddable":true,"href":"https:\/\/blogs.hoy.es\/Juandomingofernandez\/wp-json\/wp\/v2\/categories?post=440"},{"taxonomy":"post_tag","embeddable":true,"href":"https:\/\/blogs.hoy.es\/Juandomingofernandez\/wp-json\/wp\/v2\/tags?post=440"}],"curies":[{"name":"wp","href":"https:\/\/api.w.org\/{rel}","templated":true}]}}