{"id":441,"date":"2014-03-14T10:39:46","date_gmt":"2014-03-14T09:39:46","guid":{"rendered":"http:\/\/blogs.hoy.es\/Juandomingofernandez\/?p=441"},"modified":"2014-03-14T10:39:46","modified_gmt":"2014-03-14T09:39:46","slug":"paisajes-del-alma","status":"publish","type":"post","link":"https:\/\/blogs.hoy.es\/Juandomingofernandez\/2014\/03\/14\/paisajes-del-alma\/","title":{"rendered":"Paisajes del alma"},"content":{"rendered":"<p>El paisaje me parece una parcela semiabandonada en el tr\u00e1fago de la actualidad period\u00edstica y literaria. No me refiero a las publicaciones especializadas (algunas verdaderamente antol\u00f3gicas) ni a los reportajes de viajes con fotos como postales que salpican algunas p\u00e1ginas en revistas y diarios. Estoy pensando en esos escritores cuya mirada trascend\u00eda la pura descripci\u00f3n geogr\u00e1fica o el censo demogr\u00e1fico (digamos Ponz) y ahondaron en la tradici\u00f3n de los viajeros ilustrados de los siglos XVIII y XIX, una trayectoria donde sobresalen autores que van desde la genialidad de Laurence Sterne con su <a href=\"http:\/\/es.wikipedia.org\/wiki\/Viaje_sentimental_por_Francia_e_Italia\" target=\"_blank\">\u2018Viaje sentimental por Francia e Italia\u2019 <\/a>hasta \u2018La Biblia en Espa\u00f1a\u2019, de <a href=\"http:\/\/es.wikipedia.org\/wiki\/George_Borrow\" target=\"_blank\">George Borrow<\/a>, que tradujo nada menos que don Manuel Aza\u00f1a.<br \/>\nA m\u00ed me gusta la pasi\u00f3n por el paisaje que mostraron los escritores de la Generaci\u00f3n del 98, desde Unamuno a <a href=\"https:\/\/archive.org\/details\/elpaisajedeespa00azor\" target=\"_blank\">Azor\u00edn<\/a>, pasando por Baroja y Antonio Machado, hasta las obras de autores m\u00e1s j\u00f3venes como eran Ortega, Gregorio Mara\u00f1\u00f3n, Juan Ram\u00f3n Jim\u00e9nez, para desembocar en los poetas del 27, empezando por Rafael Alberti y terminando por Luis Cernuda.<br \/>\nMe parece que despu\u00e9s del <a href=\"http:\/\/es.wikipedia.org\/wiki\/Camilo_Jos%C3%A9_Cela\" target=\"_blank\">\u2018Viaje a la Alcarria\u2019 <\/a>de Cela y de varias de las obras de Miguel Delibes, resulta dif\u00edcil encontrar algo similar a los grandes reportajes literarios de Pla o Cunqueiro, donde el paisaje nunca es fondo de escenario y se convierte en protagonista absoluto. Creo que aquella pasi\u00f3n noventayochista por el paisaje se refugi\u00f3 en los poetas \u2013ah\u00ed sigue alumbrando, inagotable, la obra de Claudio Rodr\u00edguez\u2013 y ha fructificado hasta en las generaciones de la poes\u00eda \u00faltima. Por cierto, aunque no sea este lugar oportuno para recuentos minuciosos, hay que decir que el gusto por el paisaje est\u00e1 muy vivo en la obra de algunos de los grandes poetas nacidos en Extremadura: desde \u00c1lvaro Valverde a \u00c1ngel Campos, desde Pureza Canelo a Basilio S\u00e1nchez o desde Jos\u00e9 Antonio Zambrano a Santos Dom\u00ednguez.<br \/>\nSin embargo, yo echo de menos en las p\u00e1ginas de los peri\u00f3dicos \u2018aproximaciones\u2019 al paisaje similares a las que firm\u00f3 en su d\u00eda Azor\u00edn recorriendo media Espa\u00f1a. O a las estampas que Unamuno recre\u00f3 tras las caminatas entre nuestro paisaje y paisanaje.<br \/>\nYa s\u00e9 que en la actualidad los medios informativos y t\u00e9cnicos se han multiplicado con las c\u00e1maras de fotos, los v\u00eddeos, los intercambios de mensajes raudos y triviales&#8230; Y habr\u00e1 quien repare en que las formas de abordar los asuntos informativos tambi\u00e9n han crecido exponencialmente. Pero yo no estoy hablando de tecnolog\u00eda y de recursos, sino de emociones. No me refiero a las herramientas con las que se hace el trabajo, sino al trabajo mismo, al fruto del esfuerzo. Es sabido que la belleza del paisaje no est\u00e1 \u00fanicamente en el paisaje, sino en la mirada del viajero. Y  m\u00e1s cuando los ojos del que mira trasciende la simple cartograf\u00eda, si puede decirse as\u00ed, para capturar y trascender el alma de las cosas. Esas miradas capaces de revelarnos la emoci\u00f3n de la tierra, de nuestros pueblos, de nuestros d\u00edas felices y tambi\u00e9n de nuestros anhelos es lo que echo de menos. Pero  s\u00e9 que esas miradas llenas de humanidad y de poes\u00eda nos aguardan.<\/p>\n<!-- AddThis Advanced Settings generic via filter on the_content --><!-- AddThis Share Buttons generic via filter on the_content -->","protected":false},"excerpt":{"rendered":"<p>El paisaje me parece una parcela semiabandonada en el tr\u00e1fago de la actualidad period\u00edstica y literaria. No me refiero a las publicaciones especializadas (algunas verdaderamente antol\u00f3gicas) ni a los reportajes de viajes con fotos como postales que salpican algunas p\u00e1ginas en revistas y diarios. Estoy pensando en esos escritores cuya mirada trascend\u00eda la pura descripci\u00f3n [&hellip;]<!-- AddThis Advanced Settings generic via filter on get_the_excerpt --><!-- AddThis Share Buttons generic via filter on get_the_excerpt --><\/p>\n","protected":false},"author":13,"featured_media":0,"comment_status":"open","ping_status":"closed","sticky":false,"template":"","format":"standard","meta":[],"categories":[1],"tags":[61,62,73,86,125,143,185,244,422,532,552,685,697,710,736,763,776,795,850,938,951,987,999,1065,1069,1153,1294,1323],"_links":{"self":[{"href":"https:\/\/blogs.hoy.es\/Juandomingofernandez\/wp-json\/wp\/v2\/posts\/441"}],"collection":[{"href":"https:\/\/blogs.hoy.es\/Juandomingofernandez\/wp-json\/wp\/v2\/posts"}],"about":[{"href":"https:\/\/blogs.hoy.es\/Juandomingofernandez\/wp-json\/wp\/v2\/types\/post"}],"author":[{"embeddable":true,"href":"https:\/\/blogs.hoy.es\/Juandomingofernandez\/wp-json\/wp\/v2\/users\/13"}],"replies":[{"embeddable":true,"href":"https:\/\/blogs.hoy.es\/Juandomingofernandez\/wp-json\/wp\/v2\/comments?post=441"}],"version-history":[{"count":0,"href":"https:\/\/blogs.hoy.es\/Juandomingofernandez\/wp-json\/wp\/v2\/posts\/441\/revisions"}],"wp:attachment":[{"href":"https:\/\/blogs.hoy.es\/Juandomingofernandez\/wp-json\/wp\/v2\/media?parent=441"}],"wp:term":[{"taxonomy":"category","embeddable":true,"href":"https:\/\/blogs.hoy.es\/Juandomingofernandez\/wp-json\/wp\/v2\/categories?post=441"},{"taxonomy":"post_tag","embeddable":true,"href":"https:\/\/blogs.hoy.es\/Juandomingofernandez\/wp-json\/wp\/v2\/tags?post=441"}],"curies":[{"name":"wp","href":"https:\/\/api.w.org\/{rel}","templated":true}]}}