{"id":442,"date":"2014-03-21T11:10:09","date_gmt":"2014-03-21T10:10:09","guid":{"rendered":"http:\/\/blogs.hoy.es\/Juandomingofernandez\/?p=442"},"modified":"2014-03-21T11:10:09","modified_gmt":"2014-03-21T10:10:09","slug":"el-dni-de-adriano","status":"publish","type":"post","link":"https:\/\/blogs.hoy.es\/Juandomingofernandez\/2014\/03\/21\/el-dni-de-adriano\/","title":{"rendered":"El DNI de Adriano"},"content":{"rendered":"<p>La globalizaci\u00f3n tiende a convertirnos en mestizos, aunque las fronteras alzan sus empalizadas para refrenar las avalanchas. La realidad ense\u00f1a sin embargo que los \u00e9xodos humanos acaban traspasando los muros reales e imaginarios que encuentran a su paso, igual que el agua de un arroyo acabar\u00eda desbordando el endeble tamiz formado por el cuenco de nuestras manos.<br \/>\nNo quiero que se me malinterprete. No estoy abogando \u2013al calor demag\u00f3gico de los sucesos \u00faltimos con los inmigrantes en Ceuta y Melilla\u2013 por la abolici\u00f3n unilateral de las fronteras. Eso ser\u00eda adem\u00e1s de in\u00fatil, contraproducente. Lo que sostengo es que el proceso de globalizaci\u00f3n a largo plazo hace inviable ponerle puertas al campo. Creo que la historia del hombre desde el primigenio \u2018homo sapiens\u2019 hasta los parientes de Einstein e incluso de la reina de Inglaterra no han hecho otra cosa en los \u00faltimos milenios que desplazarse de un continente a otro, reproducirse y traspasar puertas reales o imaginarias para sobrevivir y continuar la especie. Creced y multiplicaos. Est\u00e1 en el origen.<br \/>\nPuede resultar parad\u00f3jico, pero en ese sentido la globalizaci\u00f3n me parece que no es un fen\u00f3meno nuevo ni un proceso que afecte esencialmente a los cambios; lo que s\u00ed afecta es a la velocidad a que los cambios se producen. Durante siglos, cuando no se hablaba de \u2018globalizaci\u00f3n\u2019 con el sentido que hoy atribuimos a esa palabra, el v\u00ednculo del hombre con su patria chica, con su lugar de nacimiento, era indestructible. De ese v\u00ednculo, es bien sabido, se alimenta la hoguera de todos los nacionalismos y la historia de tribus, pueblos, comarcas, regiones, pa\u00edses&#8230; \u00bfPero en realidad siempre ha sido as\u00ed? Yo creo que no. Hace 2.000 a\u00f1os S\u00e9neca confesaba: \u00abMi nacimiento no me vincula a un \u00fanico rinc\u00f3n. El mundo entero es mi patria\u00bb. A pesar del tiempo transcurrido, el planteamiento de S\u00e9neca no lo comparten aquellos nacionalistas en cuya concepci\u00f3n vital ha cristalizado una mentalidad que atribuye valores sacrosantos, indestructibles, al lugar de origen. Y que conste que no es incompatible el amor por la tierra chica con la mirada abierta a todo lo que nos rodea.<br \/>\n\u00abUno es del lugar donde ha hecho el bachillerato\u00bb, dec\u00eda Max Aub para significar el espacio, la poblaci\u00f3n&#8230; donde se nace conscientemente al mundo. M\u00e1s o menos lo mismo que Marguerite Yourcenar pone en boca del emperador nacido en It\u00e1lica en <a href=\"http:\/\/es.wikipedia.org\/wiki\/Memorias_de_Adriano\" target=\"_blank\">\u2018Memorias de Adriano\u2019<\/a>: \u00abEl verdadero lugar del nacimiento es aquel donde por primera vez nos miramos con una mirada inteligente; mis primeras patrias fueron los libros. Y, en menor grado, las escuelas\u00bb.<br \/>\nMe encanta esa frase del viejo emperador que muestra, ante lo inexorable de una muerte que presiente cercana, la lucidez del hombre sabio, sincero y sin rencores: \u00abMis primeras patrias fueron los libros\u00bb. \u00bfHay algo m\u00e1s universal, m\u00e1s \u2018global\u2019, que el conocimiento, que la cultura, que la conciencia de uno mismo? A quienes solicitan \u2018papeles\u2019 para esa patria universal, com\u00fan, la historia nunca se los niega. A veces se rompe alg\u00fan eslab\u00f3n de la cadena, pero tras las empalizadas no deja de alumbrar la vida y el futuro.<\/p>\n<!-- AddThis Advanced Settings generic via filter on the_content --><!-- AddThis Share Buttons generic via filter on the_content -->","protected":false},"excerpt":{"rendered":"<p>La globalizaci\u00f3n tiende a convertirnos en mestizos, aunque las fronteras alzan sus empalizadas para refrenar las avalanchas. La realidad ense\u00f1a sin embargo que los \u00e9xodos humanos acaban traspasando los muros reales e imaginarios que encuentran a su paso, igual que el agua de un arroyo acabar\u00eda desbordando el endeble tamiz formado por el cuenco de [&hellip;]<!-- AddThis Advanced Settings generic via filter on get_the_excerpt --><!-- AddThis Share Buttons generic via filter on get_the_excerpt --><\/p>\n","protected":false},"author":13,"featured_media":0,"comment_status":"open","ping_status":"closed","sticky":false,"template":"","format":"standard","meta":[],"categories":[1],"tags":[116,398,538,629,811,820,890,937,971,1173],"_links":{"self":[{"href":"https:\/\/blogs.hoy.es\/Juandomingofernandez\/wp-json\/wp\/v2\/posts\/442"}],"collection":[{"href":"https:\/\/blogs.hoy.es\/Juandomingofernandez\/wp-json\/wp\/v2\/posts"}],"about":[{"href":"https:\/\/blogs.hoy.es\/Juandomingofernandez\/wp-json\/wp\/v2\/types\/post"}],"author":[{"embeddable":true,"href":"https:\/\/blogs.hoy.es\/Juandomingofernandez\/wp-json\/wp\/v2\/users\/13"}],"replies":[{"embeddable":true,"href":"https:\/\/blogs.hoy.es\/Juandomingofernandez\/wp-json\/wp\/v2\/comments?post=442"}],"version-history":[{"count":0,"href":"https:\/\/blogs.hoy.es\/Juandomingofernandez\/wp-json\/wp\/v2\/posts\/442\/revisions"}],"wp:attachment":[{"href":"https:\/\/blogs.hoy.es\/Juandomingofernandez\/wp-json\/wp\/v2\/media?parent=442"}],"wp:term":[{"taxonomy":"category","embeddable":true,"href":"https:\/\/blogs.hoy.es\/Juandomingofernandez\/wp-json\/wp\/v2\/categories?post=442"},{"taxonomy":"post_tag","embeddable":true,"href":"https:\/\/blogs.hoy.es\/Juandomingofernandez\/wp-json\/wp\/v2\/tags?post=442"}],"curies":[{"name":"wp","href":"https:\/\/api.w.org\/{rel}","templated":true}]}}