{"id":45,"date":"2006-07-10T10:28:24","date_gmt":"2006-07-10T10:28:24","guid":{"rendered":"http:\/\/blogs.hoy.es\/Juandomingofernandez\/?p=45"},"modified":"2006-07-10T10:28:24","modified_gmt":"2006-07-10T10:28:24","slug":"la-vida-salinas","status":"publish","type":"post","link":"https:\/\/blogs.hoy.es\/Juandomingofernandez\/2006\/07\/10\/la-vida-salinas\/","title":{"rendered":"La vida, Salinas"},"content":{"rendered":"<p><font face=\"Times New Roman\" size=\"4\">Desde los a\u00f1os de la adolescencia, en mi vida s\u00f3lo hab\u00eda<br \/>\ndos Salinas: el Francisco Salinas, m\u00fasico ciego y amigo de fray Luis de<br \/>\nLe\u00f3n, al que le dedic\u00f3 la famosa lira que reproduc\u00edan los libros del<br \/>\nantiguo Bachillerato: \u00abEl aire se serena \/ y viste de hermosura y luz<br \/>\nno usada, \/ Salinas, cuando suena \/ la m\u00fasica estremada, \/ por vuestra<br \/>\nsabia mano gobernada\u00bb, y el Pedro Salinas de &#8216;La voz a ti debida&#8217; y<br \/>\n&#8216;Raz\u00f3n de amor&#8217;, muchos de cuyos versos me sab\u00eda de memoria.<br \/>\nHa tenido que llegar un Mundial de f\u00fatbol para descubrir que el Salinas<br \/>\nm\u00e1s popular y de momento m\u00e1s presente en mi vida no es ninguno de<br \/>\naquellos dos personajes instalados ya en el Parnaso literario, sino el<br \/>\ndesgarbado Julio Salinas que fall\u00f3 estrepitosamente aquel gol cantado<br \/>\nen el Mundial de Estados Unidos, en 1994, cuando \u00edbamos empatados en<br \/>\ncuartos de final con Italia y minutos antes de que Baggio nos marcara<br \/>\nel 2 a 1 definitivo y nos provocara una crisis de identidad similar a<br \/>\nla sufrida con la p\u00e9rdida de Cuba y Filipinas. (A pesar del dicho, que<br \/>\nnunca he entendido bien, de: \u00abM\u00e1s se perdi\u00f3 en Cuba y vinieron<br \/>\ncantando\u00bb).<br \/>\nDec\u00eda que ha tenido que jugarse este Mundial para descubrir que no ha<br \/>\nsido el Mundial de Zidane, ni el de Henry, ni el de Pirlo, Totti o<br \/>\nZambrotta, sino el de ese comentarista televisivo ocasional llamado<br \/>\nSalinas al que ha convertido en fen\u00f3meno de masas con sus liras y<br \/>\nocurrencias fray Andr\u00e9s Montes, martille\u00e1ndonos con eso de \u00ab&#8230;porque la<br \/>\nvida puede ser maravillosa, Salinas\u00bb o \u00ab\u00bfqu\u00e9 me cuentas, Salinas, qu\u00e9<br \/>\nme cuentas?\u00bb durante las transmisiones de La Sexta. <br \/>\nYo creo que es un caso de justicia po\u00e9tica: Salinas, penando ahora el<br \/>\nfallo de aquel gol cantado y convertido en una &#8216;caricatura&#8217; de<br \/>\nchascarrillo, a la altura del \u00ab\u00bfqu\u00e9 pasa, Neng\u00bb? o aquel \u00aberes un<br \/>\nfinstro, pecadooooor&#8230;\u00bb de Chiquito. Una putada. <\/p>\n<p><\/font><\/p>\n<!-- AddThis Advanced Settings generic via filter on the_content --><!-- AddThis Share Buttons generic via filter on the_content -->","protected":false},"excerpt":{"rendered":"<p>Desde los a\u00f1os de la adolescencia, en mi vida s\u00f3lo hab\u00eda dos Salinas: el Francisco Salinas, m\u00fasico ciego y amigo de fray Luis de Le\u00f3n, al que le dedic\u00f3 la famosa lira que reproduc\u00edan los libros del antiguo Bachillerato: \u00abEl aire se serena \/ y viste de hermosura y luz no usada, \/ Salinas, cuando [&hellip;]<!-- AddThis Advanced Settings generic via filter on get_the_excerpt --><!-- AddThis Share Buttons generic via filter on get_the_excerpt --><\/p>\n","protected":false},"author":13,"featured_media":0,"comment_status":"open","ping_status":"closed","sticky":false,"template":"","format":"standard","meta":[],"categories":[2],"tags":[],"_links":{"self":[{"href":"https:\/\/blogs.hoy.es\/Juandomingofernandez\/wp-json\/wp\/v2\/posts\/45"}],"collection":[{"href":"https:\/\/blogs.hoy.es\/Juandomingofernandez\/wp-json\/wp\/v2\/posts"}],"about":[{"href":"https:\/\/blogs.hoy.es\/Juandomingofernandez\/wp-json\/wp\/v2\/types\/post"}],"author":[{"embeddable":true,"href":"https:\/\/blogs.hoy.es\/Juandomingofernandez\/wp-json\/wp\/v2\/users\/13"}],"replies":[{"embeddable":true,"href":"https:\/\/blogs.hoy.es\/Juandomingofernandez\/wp-json\/wp\/v2\/comments?post=45"}],"version-history":[{"count":0,"href":"https:\/\/blogs.hoy.es\/Juandomingofernandez\/wp-json\/wp\/v2\/posts\/45\/revisions"}],"wp:attachment":[{"href":"https:\/\/blogs.hoy.es\/Juandomingofernandez\/wp-json\/wp\/v2\/media?parent=45"}],"wp:term":[{"taxonomy":"category","embeddable":true,"href":"https:\/\/blogs.hoy.es\/Juandomingofernandez\/wp-json\/wp\/v2\/categories?post=45"},{"taxonomy":"post_tag","embeddable":true,"href":"https:\/\/blogs.hoy.es\/Juandomingofernandez\/wp-json\/wp\/v2\/tags?post=45"}],"curies":[{"name":"wp","href":"https:\/\/api.w.org\/{rel}","templated":true}]}}