{"id":453,"date":"2014-05-09T09:47:16","date_gmt":"2014-05-09T08:47:16","guid":{"rendered":"http:\/\/blogs.hoy.es\/Juandomingofernandez\/?p=453"},"modified":"2014-05-09T09:47:16","modified_gmt":"2014-05-09T08:47:16","slug":"borges-medicinal","status":"publish","type":"post","link":"https:\/\/blogs.hoy.es\/Juandomingofernandez\/2014\/05\/09\/borges-medicinal\/","title":{"rendered":"Borges, medicinal"},"content":{"rendered":"<p>El escritor vasco Fernando Aramburu, uno de esos \u2018hombres justos\u2019 cuya trayectoria y decencia moral se han agigantado tras la noche tenebrosa del terrorismo etarra, acaba de  inaugurar una nueva secci\u00f3n en el suplemento literario \u2018Territorios\u2019, de \u2018El Correo\u2019. La noticia \u2013de la que el propio <a href=\"http:\/\/fernandoaramburu.blogspot.de\/2014\/05\/vetas-profundas-los-justos-de-borges.html\" target=\"_blank\">Aramburu<\/a> daba cuenta en su blog y reproduc\u00eda asimismo el escritor <a href=\"http:\/\/mayora.blogspot.com.es\/2014\/05\/vetas-profundas.html\" target=\"_blank\">\u00c1lvaro Valverde <\/a>en su bit\u00e1cora\u2013 me parece una magn\u00edfica novedad. Todos los meses, Aramburu reflexionar\u00e1 acerca de poemas de autores c\u00e9lebres.<br \/>\nEl primer trabajo de la serie lo dedica al texto \u2018Los justos\u2019, de Jorge Luis Borges. Un poema, como recuerda Fernando Aramburu, que Borges incluy\u00f3 en su libro \u2018La cifra\u2019, y que vio la luz cuando el escritor argentino   era ya una celebridad mundial, un octogenario \u00abque en lugar de rechazar con resquemor de viejo el mundo vetado a sus ojos, del que pronto se despedir\u00e1, tiene la delicadeza de dedicarle unas palabras aprobatorias\u00bb.<br \/>\nNo pretendo (ni podr\u00eda) resumir aqu\u00ed la iluminadora reflexi\u00f3n y glosa que hace Aramburu de \u2018Los justos\u2019. Lo que s\u00ed hago fervientemente es recomendarles que la lean. Equivale a un curso completo de literatura. Un genio como Borges glosado por un escritor tambi\u00e9n excepcional.<br \/>\nA m\u00ed me emociona la capacidad de Borges para reunir en una docena de versos esa especie de \u2018cosmogon\u00eda\u2019 po\u00e9tica sobre la figura de los hombres justos; es decir, sobre los \u2018h\u00e9roes\u2019 an\u00f3nimos, cotidianos, que hacen que el universo, la vida, discurra sin cataclismos, sin anomal\u00edas insalvables. Borges enumera una serie de personas o de situaciones. Los dos primeros versos: \u00abUn hombre que cultiva su jard\u00edn, como quer\u00eda Voltaire. \/ El que agradece que en la tierra haya m\u00fasica\u00bb&#8230; y dibuja la esencia de esas cosas importantes en las que tantas veces no reparamos. Tras la enumeraci\u00f3n, el oro de la sabidur\u00eda, el verso final: \u00abEsas personas, que se ignoran, est\u00e1n salvando el mundo\u00bb.<br \/>\nYo creo que la lectura de los \u2018Los justos\u2019 supone un b\u00e1lsamo muy recomendable para quienes se ven sometidos a las vicisitudes a veces absurdas e intrascendentes de la vida. \u00a1Cu\u00e1ntos desenga\u00f1os y frustraciones podr\u00edan evitarse frecuentando la lectura de poemas como el de Borges! Lo digo en serio. Frente al energumenismo, a la insensatez o a la soberbia del que solo aspira a imponer sus razones, los versos de \u2018Los justos\u2019.<br \/>\nDel mismo modo que las \u2018Bienaventuranzas\u2019 nos invitan a mantener un punto de vista en el que la promesa de felicidad suele ser inversamente proporcional a la altura de nuestro pedestal, las ense\u00f1anzas de ese poema borgeano nos adiestran en el descubrimiento de lo trascendente, de lo esencial. Si yo pudiera influir en los contenidos de nuestros libros de texto, ese poema desde luego que figurar\u00eda en los manuales de Lengua y Literatura. Y  lo recomiendo con entusiasmo asimismo a quienes tienen que tomar decisiones que trascienden el \u00e1mbito personal. Y a quienes dudan entre \u2018ser\u2019 y \u2018tener\u2019. Bien pensado, adem\u00e1s de hacernos m\u00e1s cultos, la lectura de \u2018Los justos\u2019 nos ahorra desazones, nos acarrea paz y, sobre todo, nos hace mejores personas.<\/p>\n<!-- AddThis Advanced Settings generic via filter on the_content --><!-- AddThis Share Buttons generic via filter on the_content -->","protected":false},"excerpt":{"rendered":"<p>El escritor vasco Fernando Aramburu, uno de esos \u2018hombres justos\u2019 cuya trayectoria y decencia moral se han agigantado tras la noche tenebrosa del terrorismo etarra, acaba de inaugurar una nueva secci\u00f3n en el suplemento literario \u2018Territorios\u2019, de \u2018El Correo\u2019. La noticia \u2013de la que el propio Aramburu daba cuenta en su blog y reproduc\u00eda asimismo [&hellip;]<!-- AddThis Advanced Settings generic via filter on get_the_excerpt --><!-- AddThis Share Buttons generic via filter on get_the_excerpt --><\/p>\n","protected":false},"author":13,"featured_media":0,"comment_status":"open","ping_status":"closed","sticky":false,"template":"","format":"standard","meta":[],"categories":[1],"tags":[62,477,574,677,763,1014],"_links":{"self":[{"href":"https:\/\/blogs.hoy.es\/Juandomingofernandez\/wp-json\/wp\/v2\/posts\/453"}],"collection":[{"href":"https:\/\/blogs.hoy.es\/Juandomingofernandez\/wp-json\/wp\/v2\/posts"}],"about":[{"href":"https:\/\/blogs.hoy.es\/Juandomingofernandez\/wp-json\/wp\/v2\/types\/post"}],"author":[{"embeddable":true,"href":"https:\/\/blogs.hoy.es\/Juandomingofernandez\/wp-json\/wp\/v2\/users\/13"}],"replies":[{"embeddable":true,"href":"https:\/\/blogs.hoy.es\/Juandomingofernandez\/wp-json\/wp\/v2\/comments?post=453"}],"version-history":[{"count":0,"href":"https:\/\/blogs.hoy.es\/Juandomingofernandez\/wp-json\/wp\/v2\/posts\/453\/revisions"}],"wp:attachment":[{"href":"https:\/\/blogs.hoy.es\/Juandomingofernandez\/wp-json\/wp\/v2\/media?parent=453"}],"wp:term":[{"taxonomy":"category","embeddable":true,"href":"https:\/\/blogs.hoy.es\/Juandomingofernandez\/wp-json\/wp\/v2\/categories?post=453"},{"taxonomy":"post_tag","embeddable":true,"href":"https:\/\/blogs.hoy.es\/Juandomingofernandez\/wp-json\/wp\/v2\/tags?post=453"}],"curies":[{"name":"wp","href":"https:\/\/api.w.org\/{rel}","templated":true}]}}