{"id":458,"date":"2014-06-14T13:29:01","date_gmt":"2014-06-14T12:29:01","guid":{"rendered":"http:\/\/blogs.hoy.es\/Juandomingofernandez\/?p=458"},"modified":"2014-06-14T13:29:01","modified_gmt":"2014-06-14T12:29:01","slug":"porras-y-banderas","status":"publish","type":"post","link":"https:\/\/blogs.hoy.es\/Juandomingofernandez\/2014\/06\/14\/porras-y-banderas\/","title":{"rendered":"Porras y banderas"},"content":{"rendered":"<p>Las banderas son el mejor indicador de la pasi\u00f3n con que se vive el Mundial de f\u00fatbol. O mejor: el n\u00famero de banderas en los balcones y ventanas marca la temperatura emocional de los aficionados de un pa\u00eds. De ser ciertas esas dos premisas, en Espa\u00f1a estamos igual que los cazadores que no empu\u00f1an la escopeta con el \u00e1nimo alerta bien porque no saben por d\u00f3nde les va a salir la pieza o porque dudan incluso de que en el cazadero haya caza.<br \/>\nMientras hace cuatro a\u00f1os la abundancia de banderas en los balcones aliment\u00f3 comentarios en la calle y en las redes sociales capaces de colmatar los archivos de Google, ahora, mi buen Yorick, puedes recorrer las aceras de la ciudad y solo te saldr\u00e1n al paso una bandera aqu\u00ed, otra all\u00e1 y otra acull\u00e1, que dec\u00edan los cl\u00e1sicos.<br \/>\n\u00bfQuiz\u00e1s porque la selecci\u00f3n espa\u00f1ola no empieza a jugar hasta esta noche? Poco entusiasmo en los proleg\u00f3menos. \u00bfQuiz\u00e1s por no estar convencidos de que una segunda victoria en la Copa del Mundo va m\u00e1s all\u00e1 de nuestras posibilidades? Lo dudo. Yo creo que los espa\u00f1oles somos tan pudorosos cuando se trata de \u2018blasonar\u2019 por esos mundos de dios que nos atenaza el s\u00edndrome del gato escaldado y nos rebrincamos y nos blindamos con la coraza del pesimismo.<br \/>\nAntes prudentes que fanfarrones. Y solo si el bal\u00f3n est\u00e1 a punto de entrar en el segundo \u00faltimo se desatar\u00e1 la euforia y florecer\u00e1n los profetas inversos, esos del \u00abYa te lo dec\u00eda yo: este a\u00f1o ganamos la segunda estrella en Brasil\u00bb.<br \/>\nLa verdad es que en las calles de C\u00e1ceres he visto pocas banderas de Espa\u00f1a. Y eso que los de ahora son tiempos propicios para que los entusiastas de las banderas aireen sus ense\u00f1as con clara intenci\u00f3n pol\u00edtica; es decir, con voluntad ideol\u00f3gica y sentimental.<br \/>\nA m\u00ed nunca me han molestado las banderas \u2013propias o ajenas\u2013 salvo que al ondear me impidan o me enturbien la visi\u00f3n. Me parece leg\u00edtimo canalizar la empat\u00eda con quienes te rodean a trav\u00e9s de un s\u00edmbolo que representa a la parte mayoritaria de la sociedad; y que se recurra a dicha comuni\u00f3n sentimental en fiestas, celebraciones, espect\u00e1culos o circunstancias especiales.<br \/>\nNo entiendo, sin embargo, a quien se muestra irrespetuoso con las banderas, bien por acci\u00f3n u omisi\u00f3n. Por lucirlas como un \u2018patrimonio exclusivo\u2019, propio, lo cual es una contradicci\u00f3n en sus t\u00e9rminos, o por querer imponerlas como un \u2018tr\u00e1gala\u2019 inapelable.<br \/>\nA lo que estamos, en este Mundial observo pocas banderas espa\u00f1olas todav\u00eda. Pero conf\u00edo en que las salpicaduras del color rojo y amarillo se har\u00e1n visibles durante las pr\u00f3ximas semanas en numerosos edificios: la se\u00f1al de que los de Vicente del Bosque no han tenido que hacer las maletas y siguen en la lucha. Para entonces habr\u00e1n vuelto a las barras de los bares y a las barras de las redes sociales los comentarios sobre el patriotismo  de cart\u00f3n piedra que suscita la afici\u00f3n al f\u00fatbol entre la gente de la vieja piel de toro. En el ruedo ib\u00e9rico. Y por esta vez discrepo de Benedetti: \u00abPatrias de nailon, no me gustan los himnos ni las banderas\u00bb. Para los por si, lo anuncio con tiempo: He puesto en la porra del HOY que gana Espa\u00f1a. <\/p>\n<!-- AddThis Advanced Settings generic via filter on the_content --><!-- AddThis Share Buttons generic via filter on the_content -->","protected":false},"excerpt":{"rendered":"<p>Las banderas son el mejor indicador de la pasi\u00f3n con que se vive el Mundial de f\u00fatbol. O mejor: el n\u00famero de banderas en los balcones y ventanas marca la temperatura emocional de los aficionados de un pa\u00eds. De ser ciertas esas dos premisas, en Espa\u00f1a estamos igual que los cazadores que no empu\u00f1an la [&hellip;]<!-- AddThis Advanced Settings generic via filter on get_the_excerpt --><!-- AddThis Share Buttons generic via filter on get_the_excerpt --><\/p>\n","protected":false},"author":13,"featured_media":0,"comment_status":"open","ping_status":"closed","sticky":false,"template":"","format":"standard","meta":[],"categories":[1],"tags":[132,397,422,517,880,1188],"_links":{"self":[{"href":"https:\/\/blogs.hoy.es\/Juandomingofernandez\/wp-json\/wp\/v2\/posts\/458"}],"collection":[{"href":"https:\/\/blogs.hoy.es\/Juandomingofernandez\/wp-json\/wp\/v2\/posts"}],"about":[{"href":"https:\/\/blogs.hoy.es\/Juandomingofernandez\/wp-json\/wp\/v2\/types\/post"}],"author":[{"embeddable":true,"href":"https:\/\/blogs.hoy.es\/Juandomingofernandez\/wp-json\/wp\/v2\/users\/13"}],"replies":[{"embeddable":true,"href":"https:\/\/blogs.hoy.es\/Juandomingofernandez\/wp-json\/wp\/v2\/comments?post=458"}],"version-history":[{"count":0,"href":"https:\/\/blogs.hoy.es\/Juandomingofernandez\/wp-json\/wp\/v2\/posts\/458\/revisions"}],"wp:attachment":[{"href":"https:\/\/blogs.hoy.es\/Juandomingofernandez\/wp-json\/wp\/v2\/media?parent=458"}],"wp:term":[{"taxonomy":"category","embeddable":true,"href":"https:\/\/blogs.hoy.es\/Juandomingofernandez\/wp-json\/wp\/v2\/categories?post=458"},{"taxonomy":"post_tag","embeddable":true,"href":"https:\/\/blogs.hoy.es\/Juandomingofernandez\/wp-json\/wp\/v2\/tags?post=458"}],"curies":[{"name":"wp","href":"https:\/\/api.w.org\/{rel}","templated":true}]}}