{"id":460,"date":"2014-06-20T19:53:03","date_gmt":"2014-06-20T18:53:03","guid":{"rendered":"http:\/\/blogs.hoy.es\/Juandomingofernandez\/?p=460"},"modified":"2014-06-20T19:53:03","modified_gmt":"2014-06-20T18:53:03","slug":"la-seleccion-y-max-aub","status":"publish","type":"post","link":"https:\/\/blogs.hoy.es\/Juandomingofernandez\/2014\/06\/20\/la-seleccion-y-max-aub\/","title":{"rendered":"La selecci\u00f3n y Max Aub"},"content":{"rendered":"<p>Se dice que todos los espa\u00f1oles llevamos dentro un seleccionador nacional de f\u00fatbol y un tertuliano en potencia, pero yo creo que lo que llevamos en realidad es a un soci\u00f3logo de barra de bar y a un cr\u00edtico deportivo. Bueno, y estos d\u00edas junto al seleccionador nacional no nos vendr\u00eda nada mal un psicoterapeuta que nos salve de la melancol\u00eda y del derrotismo. Desde los medios de comunicaci\u00f3n se est\u00e1 realizando una formidable labor en ese sentido, extendiendo el b\u00e1lsamo argumental sobre la devastaci\u00f3n de la derrota en el Mundial. Pa\u00f1os de l\u00e1grimas masivos.<br \/>\nEl mantra que proponen es doblemente sencillo: hay que estar agradecidos porque antes de contar con la selecci\u00f3n nacional de los Iniesta, Xavi, Casillas, etc\u00e9tera, siempre vivimos en el infierno futbol\u00edstico, y hay que estar agradecidos porque lo que nos han dado \u2013dos Eurocopas, un Mundial, etc\u00e9tera\u2013, es posible que no vuelva a conquistarlo ninguna otra selecci\u00f3n en la historia.<br \/>\nA m\u00ed me parecen argumentos de peso y bastante razonables. Ocurre que pasar de pobre a rico es f\u00e1cil, pero transitar en sentido contrario resulta cuanto menos fatigoso&#8230; O como resumir\u00eda un italiano: \u00abLa guerra es bella pero inc\u00f3moda\u00bb.<br \/>\nAs\u00ed que cuando se olvide la terapia colectiva contra el desenga\u00f1o, no faltar\u00e1 quien considere que en dichas sesiones lo \u00fanico que nos han suministrado es un placebo y que lo que se precisa con urgencia son medidas eficaces, renovadoras, contundentes, no consuelo de car\u00e1cter retroactivo porque nadie hasta ahora hab\u00eda disfrutado de un para\u00edso de t\u00edtulos similar. Que no vale con decir, virgencita que me quede como estoy, sino emprender cambios en profundidad para que jam\u00e1s pueda llegarse a un mundial con las limitaciones f\u00edsicas y emocionales con que viaj\u00f3 la selecci\u00f3n espa\u00f1ola a Brasil 2014.<br \/>\n Es verdad que todos debemos estar agradecidos a esta selecci\u00f3n por sus seis a\u00f1os de triunfos extraordinarios. Y creo que la mayor\u00eda de la gente que conoce la trayectoria deportiva de las \u00faltimas d\u00e9cadas mira con afecto y gratitud al conjunto de los jugadores; otra cosa es c\u00f3mo se recordar\u00e1 la forma en que hemos sido  eliminados: \u00a1qu\u00e9 manera de perder! Tras la somanta de Holanda y  de Chile no se me va de la cabeza aquello que dec\u00eda Max Aub y que nos retrata tan sutilmente: \u00abAl espa\u00f1ol no le importa tanto ganar o perder sino quedar como Dios\u00bb.<br \/>\nA los espa\u00f1oles no nos importa perder como lo hicieron los habitantes de Numancia o como los Tercios en Rocroi. Pero llevamos mal las derrotas que no reportan ganancia ni honra, por decirlo con \u00e9nfasis grandilocuente&#8230; Es decir, no importa perder si quedas como Dios. Y en eso creo que tambi\u00e9n nuestra sociedad ha avanzado en los \u00faltimos tiempos. Avanzado para mejor, quiero decir. No me imagino a los aficionados espa\u00f1oles conform\u00e1ndose con pasar de fase a cualquier precio, ni creo que se conformar\u00edan ganando un t\u00edtulo con \u2018habilidades\u2019 como la de Maradona y su famosa \u2018mano de Dios\u2019. Por eso resulta m\u00e1s dolorosa nuestra \u2018marcha\u2019 del Mundial del Brasil. Pero ser conscientes de ello es el primer paso para la victoria.<\/p>\n<!-- AddThis Advanced Settings generic via filter on the_content --><!-- AddThis Share Buttons generic via filter on the_content -->","protected":false},"excerpt":{"rendered":"<p>Se dice que todos los espa\u00f1oles llevamos dentro un seleccionador nacional de f\u00fatbol y un tertuliano en potencia, pero yo creo que lo que llevamos en realidad es a un soci\u00f3logo de barra de bar y a un cr\u00edtico deportivo. Bueno, y estos d\u00edas junto al seleccionador nacional no nos vendr\u00eda nada mal un psicoterapeuta [&hellip;]<!-- AddThis Advanced Settings generic via filter on get_the_excerpt --><!-- AddThis Share Buttons generic via filter on get_the_excerpt --><\/p>\n","protected":false},"author":13,"featured_media":0,"comment_status":"open","ping_status":"closed","sticky":false,"template":"","format":"standard","meta":[],"categories":[1],"tags":[172,203,517,627,805,820,1167,1364],"_links":{"self":[{"href":"https:\/\/blogs.hoy.es\/Juandomingofernandez\/wp-json\/wp\/v2\/posts\/460"}],"collection":[{"href":"https:\/\/blogs.hoy.es\/Juandomingofernandez\/wp-json\/wp\/v2\/posts"}],"about":[{"href":"https:\/\/blogs.hoy.es\/Juandomingofernandez\/wp-json\/wp\/v2\/types\/post"}],"author":[{"embeddable":true,"href":"https:\/\/blogs.hoy.es\/Juandomingofernandez\/wp-json\/wp\/v2\/users\/13"}],"replies":[{"embeddable":true,"href":"https:\/\/blogs.hoy.es\/Juandomingofernandez\/wp-json\/wp\/v2\/comments?post=460"}],"version-history":[{"count":0,"href":"https:\/\/blogs.hoy.es\/Juandomingofernandez\/wp-json\/wp\/v2\/posts\/460\/revisions"}],"wp:attachment":[{"href":"https:\/\/blogs.hoy.es\/Juandomingofernandez\/wp-json\/wp\/v2\/media?parent=460"}],"wp:term":[{"taxonomy":"category","embeddable":true,"href":"https:\/\/blogs.hoy.es\/Juandomingofernandez\/wp-json\/wp\/v2\/categories?post=460"},{"taxonomy":"post_tag","embeddable":true,"href":"https:\/\/blogs.hoy.es\/Juandomingofernandez\/wp-json\/wp\/v2\/tags?post=460"}],"curies":[{"name":"wp","href":"https:\/\/api.w.org\/{rel}","templated":true}]}}