{"id":461,"date":"2014-06-27T11:07:32","date_gmt":"2014-06-27T10:07:32","guid":{"rendered":"http:\/\/blogs.hoy.es\/Juandomingofernandez\/?p=461"},"modified":"2014-06-27T11:07:32","modified_gmt":"2014-06-27T10:07:32","slug":"ponerse-a-la-cola","status":"publish","type":"post","link":"https:\/\/blogs.hoy.es\/Juandomingofernandez\/2014\/06\/27\/ponerse-a-la-cola\/","title":{"rendered":"Ponerse a la cola"},"content":{"rendered":"<p>Espa\u00f1a era, como Rusia en el siglo pasado, el pa\u00eds de las colas. Unas cuantas generaciones de espa\u00f1oles tuvieron que doctorarse en el arte de hacer cola, en el oficio de esperar, guardando turno para las cartillas de racionamiento, para afiliarse a la emigraci\u00f3n, para aspirar \u2013quienes pod\u00edan\u2013 al primer coche importado, para asistir a los toros o para entrar en el campo de f\u00fatbol el d\u00eda de las grandes competiciones&#8230; Tras los a\u00f1os del \u2018desarrollismo\u2019 las colas ya se formaban en otras circunstancias, digamos que en las grandes urbes con miles de veh\u00edculos saliendo de vacaciones en desbandada hacia la playa o hacia el pueblo de origen, a pasar unos d\u00edas con la familia. Sin embargo, hasta que han vuelto a imponerse con todo su dramatismo las \u2018colas del paro\u2019, yo las mayores colas en Espa\u00f1a no las hab\u00eda visto en los campos de f\u00fatbol o en las plazas de toros, sino en los museos. Colas como las que serpenteaban hace a\u00f1os en el Museo del Prado durante las antol\u00f3gicas de Vel\u00e1zquez o la m\u00e1s reciente de \u2018El Hermitage en el Prado\u2019. Colas monumentales como las de la muestra dedicada a Dal\u00ed en el Museo Reina Sof\u00eda o la del Museo Thyssen centrada en la obra del gran Antonio L\u00f3pez.<br \/>\nUna Espa\u00f1a donde padres de adolescentes contratan a intermediarios para coger sitio en las colas de los conciertos. Un pa\u00eds en que el acceso a los bienes culturales ha crecido exponencialmente a pesar de los cataclismos y las \u2018malas artes\u2019 de Wert.<br \/>\nPienso en todas estas cosas recorriendo las salas de la <a href=\"http:\/\/www.fmercedescalles.org\/fmc\/\" target=\"_blank\">Fundaci\u00f3n Mercedes Calles<\/a>, donde se exhibe hasta final de mes la exposici\u00f3n \u2018Il furore della Ricerca\u2019 (\u2019El furor de la b\u00fasqueda\u2019) con obras, entre otros, de Tiziano (aprovechen y vean su hipn\u00f3ptico \u2018Retrato de Hip\u00f3lito de Medici), Jos\u00e9 de Ribera, Veron\u00e9s, Artemisia Gentileschi o Il Guercino. Y recorriendo tambi\u00e9n las salas de la <a href=\"http:\/\/fundacionhelgadealvear.es\/\" target=\"_blank\">Fundaci\u00f3n Helga de Alvear<\/a>, que acoge hasta final de a\u00f1o una muestra, \u2018Las l\u00e1grimas de las cosas\u2019, que nos interroga y nos invita a reflexionar acerca de las pasiones propias y ajenas. En una entrevista concedida recientemente a un diario econ\u00f3mico, Helga de Alvear, la galerista y coleccionista alemana que trajo a C\u00e1ceres su magn\u00edfica cosecha de arte, confesaba que ha cumplido casi todos sus retos, pero que sue\u00f1a con una obra que tiene t\u00edtulo: <a href=\"https:\/\/www.google.es\/#q=who%27s+afraid+of+red+yellow+and+blue\" target=\"_blank\">\u2018Who\u2019s Afraid of Red, Yellow and Blue\u2019<\/a>, de <a href=\"http:\/\/es.wikipedia.org\/wiki\/Barnett_Newman\" target=\"_blank\">Barnett Newmanen<\/a>. \u00abLloras con esa pieza, pero s\u00f3lo est\u00e1 al alcance de la jequesa de Catar\u00bb, confiesa con humor.<br \/>\nLes invito a que pongan en el buscador  de Internet el nombre del pintor y el t\u00edtulo de la obra. Ver\u00e1n que se trata de piezas con una cotizaci\u00f3n astron\u00f3mica, a pesar de que muchos ciudadanos no familiarizados con el arte moderno ya se sabe que no pagar\u00edan ni el precio del papel para envolver el lienzo. Y es m\u00e1s que probable que la Fundaci\u00f3n Helga de Alvear posea obras tan valiosas como las de Barnett Newmanen, aunque la propia Helga exprese su debilidad por los cuadros del artista norteamericano. \u00bfY qu\u00e9 tiene que ver todo esto con las colas?, se preguntar\u00e1n. Muy sencillo, en C\u00e1ceres pueden admirarse, gratis y sin hacer colas, obras maestras de todos los siglos. \u00bfEso cu\u00e1nto vale?<strong><\/p>\n<!-- AddThis Advanced Settings generic via filter on the_content --><!-- AddThis Share Buttons generic via filter on the_content -->","protected":false},"excerpt":{"rendered":"<p>Espa\u00f1a era, como Rusia en el siglo pasado, el pa\u00eds de las colas. Unas cuantas generaciones de espa\u00f1oles tuvieron que doctorarse en el arte de hacer cola, en el oficio de esperar, guardando turno para las cartillas de racionamiento, para afiliarse a la emigraci\u00f3n, para aspirar \u2013quienes pod\u00edan\u2013 al primer coche importado, para asistir a [&hellip;]<!-- AddThis Advanced Settings generic via filter on get_the_excerpt --><!-- AddThis Share Buttons generic via filter on get_the_excerpt --><\/p>\n","protected":false},"author":13,"featured_media":0,"comment_status":"open","ping_status":"closed","sticky":false,"template":"","format":"standard","meta":[],"categories":[1],"tags":[103,139,179,250,330,422,513,515,887,1260],"_links":{"self":[{"href":"https:\/\/blogs.hoy.es\/Juandomingofernandez\/wp-json\/wp\/v2\/posts\/461"}],"collection":[{"href":"https:\/\/blogs.hoy.es\/Juandomingofernandez\/wp-json\/wp\/v2\/posts"}],"about":[{"href":"https:\/\/blogs.hoy.es\/Juandomingofernandez\/wp-json\/wp\/v2\/types\/post"}],"author":[{"embeddable":true,"href":"https:\/\/blogs.hoy.es\/Juandomingofernandez\/wp-json\/wp\/v2\/users\/13"}],"replies":[{"embeddable":true,"href":"https:\/\/blogs.hoy.es\/Juandomingofernandez\/wp-json\/wp\/v2\/comments?post=461"}],"version-history":[{"count":0,"href":"https:\/\/blogs.hoy.es\/Juandomingofernandez\/wp-json\/wp\/v2\/posts\/461\/revisions"}],"wp:attachment":[{"href":"https:\/\/blogs.hoy.es\/Juandomingofernandez\/wp-json\/wp\/v2\/media?parent=461"}],"wp:term":[{"taxonomy":"category","embeddable":true,"href":"https:\/\/blogs.hoy.es\/Juandomingofernandez\/wp-json\/wp\/v2\/categories?post=461"},{"taxonomy":"post_tag","embeddable":true,"href":"https:\/\/blogs.hoy.es\/Juandomingofernandez\/wp-json\/wp\/v2\/tags?post=461"}],"curies":[{"name":"wp","href":"https:\/\/api.w.org\/{rel}","templated":true}]}}