{"id":464,"date":"2014-07-11T19:58:43","date_gmt":"2014-07-11T18:58:43","guid":{"rendered":"http:\/\/blogs.hoy.es\/Juandomingofernandez\/?p=464"},"modified":"2014-07-11T19:58:43","modified_gmt":"2014-07-11T18:58:43","slug":"el-signo-de-los-tiempos","status":"publish","type":"post","link":"https:\/\/blogs.hoy.es\/Juandomingofernandez\/2014\/07\/11\/el-signo-de-los-tiempos\/","title":{"rendered":"El signo de los tiempos"},"content":{"rendered":"<p>La pol\u00edtica lleva camino de convertirse, igual que la econom\u00eda, en una ciencia tan err\u00f3nea al intentar prever el futuro como al analizar el pasado&#8230; Se equivoca incluso con car\u00e1cter retroactivo. En todas las direcciones. Basta echar un vistazo a la historia de las grandes crisis econ\u00f3micas (\u00bfqui\u00e9n anticip\u00f3 el \u2018crack\u2019 del 29 o la burbuja de las punto.com, por ejemplo?) y al surtido \u00e1lbum de cataclismos  pol\u00edticos durante los \u00faltimos quinientos a\u00f1os. Pongo el parche antes de la herida: invito a la reflexi\u00f3n con perspectiva porque hoy quiero hablar de Podemos, un movimiento capaz de provocar urticaria y sacar de quicio a los \u2018profesionales\u2019 (y arrimados) del espectro pol\u00edtico habitual.<br \/>\n\u2018\u00bfQui\u00e9n teme a Pablo Iglesias?\u2019 se preguntaba Juan Manuel de Prada el s\u00e1bado pasado en \u2018Abc\u2019. Yo discrepo de algunas de las premisas que sostiene Prada en su columna, pero estoy de acuerdo con la tesis central: \u00abPablo Iglesias provoca miedo porque tiene un \u2018relato\u2019, una visi\u00f3n del mundo, en definitiva porque cree en unos principios\u00bb, aunque el autor de \u2018Las m\u00e1scaras del h\u00e9roe\u2019 considere \u2018err\u00f3neos\u2019 tales principios. La clave es sencilla: en el ecosistema pol\u00edtico est\u00e1n quienes se mueven por intereses y quienes lo hacen por principios. Prada concluye que el Pablo Iglesias de Podemos est\u00e1 entre estos \u00faltimos. \u00abQuienes se mueven por intereses\u00bb, escribe, \u00absiempre han sentido p\u00e1nico ante quienes se mueven por principios, sin importarles que tales principios sean acertados o err\u00f3neos. Tienen miedo a Pablo Iglesias; y, para vencerlo, tratan de inspir\u00e1rselo a su clientela, agitando el espantajo del comunismo. No pueden combatirlo honorablemente porque no tienen otros principios contrarios que oponerle, por la sencilla raz\u00f3n de que no creen en ninguno\u00bb. Fin de la cita. Estoy totalmente de acuerdo con Prada. Por esa raz\u00f3n tambi\u00e9n me causan regocijo las reacciones que suscita la figura y la trayectoria del l\u00edder de Podemos, reacciones  que considero, en su desproporci\u00f3n, de elocuencia m\u00e1s que freudiana&#8230; Creo que la irrupci\u00f3n de este movimiento social no es ni circunstancial ni intrascendente. Quienes pretenden reducirlo a pura caricatura me parece que se equivocan tanto como quienes lo tachan de pura an\u00e9cdota. Quiz\u00e1s se equivocan con la misma capacidad de anticipaci\u00f3n que mostraron los agricultores aquellos que exclamaban el primer d\u00eda del Diluvio Universal: \u00ab\u00a1Qu\u00e9 buena cosecha vamos a tener este a\u00f1o!\u00bb.<br \/>\nY que nadie se llame a enga\u00f1o, no expreso apoyo personal o confianza a una determinada opci\u00f3n, me limito a constatar lo que parece una evidencia. En Espa\u00f1a, como bien recordaba en estas mismas p\u00e1ginas Teodoro Le\u00f3n Gross, no suele votarse con la cabeza sino \u00abdecepcionado, entusiasmado, enfurecido, pero rara vez serenamente persuadido por la fuerza de la raz\u00f3n\u00bb. Yo creo que Podemos no necesita siquiera un programa electoral, le basta con ser el catalizador del desafecto y del malestar que cultivan a diario quienes no ven que estamos inmersos ya en un cambio de era. Por eso Podemos no tendr\u00e1 que sentarse a ver pasar el cad\u00e1ver de su enemigo: hasta el tiempo corre a su favor.<\/p>\n<!-- AddThis Advanced Settings generic via filter on the_content --><!-- AddThis Share Buttons generic via filter on the_content -->","protected":false},"excerpt":{"rendered":"<p>La pol\u00edtica lleva camino de convertirse, igual que la econom\u00eda, en una ciencia tan err\u00f3nea al intentar prever el futuro como al analizar el pasado&#8230; Se equivoca incluso con car\u00e1cter retroactivo. En todas las direcciones. Basta echar un vistazo a la historia de las grandes crisis econ\u00f3micas (\u00bfqui\u00e9n anticip\u00f3 el \u2018crack\u2019 del 29 o la [&hellip;]<!-- AddThis Advanced Settings generic via filter on get_the_excerpt --><!-- AddThis Share Buttons generic via filter on get_the_excerpt --><\/p>\n","protected":false},"author":13,"featured_media":0,"comment_status":"open","ping_status":"closed","sticky":false,"template":"","format":"standard","meta":[],"categories":[1],"tags":[371,390,578,637,709,871,944,1009,1044,1245],"_links":{"self":[{"href":"https:\/\/blogs.hoy.es\/Juandomingofernandez\/wp-json\/wp\/v2\/posts\/464"}],"collection":[{"href":"https:\/\/blogs.hoy.es\/Juandomingofernandez\/wp-json\/wp\/v2\/posts"}],"about":[{"href":"https:\/\/blogs.hoy.es\/Juandomingofernandez\/wp-json\/wp\/v2\/types\/post"}],"author":[{"embeddable":true,"href":"https:\/\/blogs.hoy.es\/Juandomingofernandez\/wp-json\/wp\/v2\/users\/13"}],"replies":[{"embeddable":true,"href":"https:\/\/blogs.hoy.es\/Juandomingofernandez\/wp-json\/wp\/v2\/comments?post=464"}],"version-history":[{"count":0,"href":"https:\/\/blogs.hoy.es\/Juandomingofernandez\/wp-json\/wp\/v2\/posts\/464\/revisions"}],"wp:attachment":[{"href":"https:\/\/blogs.hoy.es\/Juandomingofernandez\/wp-json\/wp\/v2\/media?parent=464"}],"wp:term":[{"taxonomy":"category","embeddable":true,"href":"https:\/\/blogs.hoy.es\/Juandomingofernandez\/wp-json\/wp\/v2\/categories?post=464"},{"taxonomy":"post_tag","embeddable":true,"href":"https:\/\/blogs.hoy.es\/Juandomingofernandez\/wp-json\/wp\/v2\/tags?post=464"}],"curies":[{"name":"wp","href":"https:\/\/api.w.org\/{rel}","templated":true}]}}