{"id":465,"date":"2014-07-18T20:35:01","date_gmt":"2014-07-18T19:35:01","guid":{"rendered":"http:\/\/blogs.hoy.es\/Juandomingofernandez\/?p=465"},"modified":"2014-07-18T20:35:01","modified_gmt":"2014-07-18T19:35:01","slug":"aquellos-18-de-julio","status":"publish","type":"post","link":"https:\/\/blogs.hoy.es\/Juandomingofernandez\/2014\/07\/18\/aquellos-18-de-julio\/","title":{"rendered":"Aquellos 18 de Julio"},"content":{"rendered":"<p>En Espa\u00f1a, durante d\u00e9cadas, la fecha que hoy marca el calendario representaba mucho m\u00e1s que un d\u00eda del mes, representaba un s\u00edmbolo de la historia, una cifra fundacional siempre presente. Durante d\u00e9cadas el 18 de Julio (as\u00ed, con may\u00fascula) fue d\u00eda festivo nacional, sirvi\u00f3 para bautizar una paga extra, dio nombre a hospitales, cooperativas, hermandades, ambulatorios, centros p\u00fablicos diversos y constitu\u00eda en s\u00ed mismo un sin\u00f3nimo perfecto del R\u00e9gimen (tambi\u00e9n con may\u00fascula).<br \/>\nEn 2006, cuando se cumplieron 70 a\u00f1os del denominado \u2018Alzamiento nacional\u2019, algunos peri\u00f3dicos encargaron encuestas para evaluar el grado de conocimiento de aquellos hechos entre la poblaci\u00f3n actual. Hubo datos sorprendentes: seg\u00fan la encuesta de \u2018El Mundo\u2019, por ejemplo, la mitad de los espa\u00f1oles consideraba en 2006 que la sublevaci\u00f3n militar del 18 de julio de 1936 contra la II Rep\u00fablica fue \u2018un golpe de Estado\u2019 carente de justificaci\u00f3n, mientras que uno de cada tres encuestados cre\u00eda que fue una sublevaci\u00f3n justificada por los episodios de caos y violencia vividos entonces.  La encuesta publicada por \u2018El Pa\u00eds\u2019 revelaba, entre otras circunstancias llamativas, que \u00abs\u00f3lo el 4,4% admite que el 18 de julio le inspira sentimientos positivos; para el 61% son negativos\u00bb y que \u00abun 17% teme que ahora podr\u00eda repetirse un golpe de Estado como el de 1936\u00bb. Ese \u00faltimo dato impresiona, visto con perspectiva y teniendo en cuenta que Espa\u00f1a llevaba ya, cuando se realiz\u00f3 el sondeo, dos d\u00e9cadas de miembro de pleno derecho de la Europa comunitaria&#8230; En fin.<br \/>\nNadie puede evitar las especulaciones acerca de c\u00f3mo hubieran evolucionado los acontecimientos si no se hubiera producido el 18 de Julio. La columna de Manuel Alc\u00e1ntara publicada en HOY el 18 de julio de 2006 se titulaba \u2018Un largo camino\u2019. El poeta y maestro de periodistas dilucidaba a su manera la cuesti\u00f3n: \u00abSiempre nos faltar\u00e1 un dato: \u00bfc\u00f3mo hubiera sido esta represi\u00f3n, si en vez de los hunos, con hache, que dec\u00eda Unamuno, ganaran los otros? La falta de magnanimidad con los vencidos solo pueden exhibirla los triunfadores. A quienes han sufrido la derrota no les es posible demostrar su generosidad, ya que no tuvieron la oportunidad de ejercer la benevolencia\u00bb.<br \/>\nTres cuartos de siglo despu\u00e9s de aquellos sucesos tr\u00e1gicos \u2013y pocos episodios cabe imaginar m\u00e1s tr\u00e1gicos que una guerra civil\u2013 el 18 de julio ha desaparecido formalmente de la \u2018cartelera\u2019 y solo alimenta art\u00edculos period\u00edsticos y, claro est\u00e1, investigaciones hist\u00f3ricas. Imagino que dentro de unos a\u00f1os ser\u00e1 una fecha fagocitada por el olvido en la que apenas quedar\u00e1n rastros de su tremenda carga emocional, de la significaci\u00f3n que acumul\u00f3 durante d\u00e9cadas para millones de espa\u00f1oles. Creo que a quienes les toc\u00f3 vivir los a\u00f1os postreros del franquismo y sobre todo para los espa\u00f1oles m\u00e1s j\u00f3venes, el 18 de julio no es otra cosa que la casilla de un d\u00eda en el calendario. Y me parece que es bueno que sea as\u00ed, una fecha erosionada por el olvido, un naufragio de la memoria. Las dudas de que sea bueno ese olvido me invaden, sin embargo, cuando se oyen ahora los tambores at\u00e1vicos de los nacionalismos. Ahora no s\u00e9.    <\/p>\n<!-- AddThis Advanced Settings generic via filter on the_content --><!-- AddThis Share Buttons generic via filter on the_content -->","protected":false},"excerpt":{"rendered":"<p>En Espa\u00f1a, durante d\u00e9cadas, la fecha que hoy marca el calendario representaba mucho m\u00e1s que un d\u00eda del mes, representaba un s\u00edmbolo de la historia, una cifra fundacional siempre presente. Durante d\u00e9cadas el 18 de Julio (as\u00ed, con may\u00fascula) fue d\u00eda festivo nacional, sirvi\u00f3 para bautizar una paga extra, dio nombre a hospitales, cooperativas, hermandades, [&hellip;]<!-- AddThis Advanced Settings generic via filter on get_the_excerpt --><!-- AddThis Share Buttons generic via filter on get_the_excerpt --><\/p>\n","protected":false},"author":13,"featured_media":0,"comment_status":"open","ping_status":"closed","sticky":false,"template":"","format":"standard","meta":[],"categories":[1],"tags":[4,423,578,829,891,966,1221],"_links":{"self":[{"href":"https:\/\/blogs.hoy.es\/Juandomingofernandez\/wp-json\/wp\/v2\/posts\/465"}],"collection":[{"href":"https:\/\/blogs.hoy.es\/Juandomingofernandez\/wp-json\/wp\/v2\/posts"}],"about":[{"href":"https:\/\/blogs.hoy.es\/Juandomingofernandez\/wp-json\/wp\/v2\/types\/post"}],"author":[{"embeddable":true,"href":"https:\/\/blogs.hoy.es\/Juandomingofernandez\/wp-json\/wp\/v2\/users\/13"}],"replies":[{"embeddable":true,"href":"https:\/\/blogs.hoy.es\/Juandomingofernandez\/wp-json\/wp\/v2\/comments?post=465"}],"version-history":[{"count":0,"href":"https:\/\/blogs.hoy.es\/Juandomingofernandez\/wp-json\/wp\/v2\/posts\/465\/revisions"}],"wp:attachment":[{"href":"https:\/\/blogs.hoy.es\/Juandomingofernandez\/wp-json\/wp\/v2\/media?parent=465"}],"wp:term":[{"taxonomy":"category","embeddable":true,"href":"https:\/\/blogs.hoy.es\/Juandomingofernandez\/wp-json\/wp\/v2\/categories?post=465"},{"taxonomy":"post_tag","embeddable":true,"href":"https:\/\/blogs.hoy.es\/Juandomingofernandez\/wp-json\/wp\/v2\/tags?post=465"}],"curies":[{"name":"wp","href":"https:\/\/api.w.org\/{rel}","templated":true}]}}