{"id":466,"date":"2014-07-25T21:34:50","date_gmt":"2014-07-25T20:34:50","guid":{"rendered":"http:\/\/blogs.hoy.es\/Juandomingofernandez\/?p=466"},"modified":"2014-07-25T21:34:50","modified_gmt":"2014-07-25T20:34:50","slug":"de-la-identidad","status":"publish","type":"post","link":"https:\/\/blogs.hoy.es\/Juandomingofernandez\/2014\/07\/25\/de-la-identidad\/","title":{"rendered":"De la identidad"},"content":{"rendered":"<p>Dec\u00eda el escritor Seumas MacManus que hay tres cosas con las que conviene ser muy precavido: el casco de un caballo, el cuerno de un toro y la sonrisa de un ingl\u00e9s. Supongo que la tercera de las prevenciones ven\u00eda marcada por su condici\u00f3n de irland\u00e9s de nacimiento. \u00bfQui\u00e9n mejor que un irland\u00e9s para saber c\u00f3mo se las gastan los ingleses? Si yo tuviera que parafrasear el consejo de MacManus mantendr\u00eda, por supuesto, los dos primeros postulados pero introducir\u00eda un tercero distinto: l\u00edbreme Dios del nacionalismo pelmazo, y utilizo ese adjetivo porque fue el que us\u00f3 Rafael S\u00e1nchez Ferlosio en una magn\u00edfica entrevista que le hizo C\u00e9sar Coca.<br \/>\nEn respuesta a una pregunta sobre el futuro de Espa\u00f1a y el riesgo de disgregarse, el autor de \u2018El Jarama\u2019 y \u2018Sobre la guerra\u2019 se lamentaba de que \u00ablos catalanes son unos pelmazos insoportables\u00bb y a\u00f1ad\u00eda: \u00abEllos se ensalzan mucho. Creo que el esfuerzo de los catalanes por ser eso, catalanes, es excesivo. La identidad hoy es una palabra vac\u00eda. Quiz\u00e1 en el siglo XIX tuviese alg\u00fan sentido, pero hoy, que est\u00e1 todo mezclado, es rid\u00edculo hablar de identidad\u00bb (&#8230;) \u00abhoy solo hay identidad individual\u00bb.  Yo desear\u00eda fervientemente que la afirmaci\u00f3n de S\u00e1nchez Ferlosio fuera cierta del todo, pero creo que expresa un deseo m\u00e1s que una realidad. Basta con mirar los movimientos de fronteras que ha registrado el mapa de Europa en el \u00faltimo siglo para sacudirnos el optimismo&#8230;<br \/>\nSi en el conflicto nacionalista incluimos  a Israel y a Palestina (o de forma m\u00e1s precisa, a cierto radicalismo jud\u00edo contra cierto radicalismo \u00e1rabe), la actualidad se desentiende de cualquier esperanza. Imagino al Ferlosio de turno proclamando cual profeta en mitad del desierto a quien quiera o\u00edrle: \u00abHoy solo hay identidad individual\u00bb, y no dura ni un suspiro, le llover\u00edan las pedradas de un bando y las balas del otro. As\u00ed llevan a\u00f1os&#8230;<br \/>\nCu\u00e1nto me gustar\u00eda que la formulaci\u00f3n de S\u00e1nchez Ferlosio acabase convertida en verdad incontrovertible. Que el ciudadano del futuro fuera descrito a los ni\u00f1os en las escuelas como una persona perteneciente a una sociedad global, \u00fanica en su diversidad, pero no como un eslab\u00f3n \u2018territorial\u2019. Entre otras cosas porque ni ahora ni el futuro cercano puede garantizarse la \u2018vinculaci\u00f3n\u2019 permanente de una sociedad a un territorio. Y quien lo dude, que reflexione unos segundos acerca de las grandes migraciones que se aproximan y \u2013desde una perspectiva m\u00e1s dom\u00e9stica\u2013 que reflexione acerca de la movilidad laboral y geogr\u00e1fica a que est\u00e1n condenadas las \u00faltimas generaciones de j\u00f3venes, y no me refiero solo a los j\u00f3venes de la Vieja Europa o del llamado Primer Mundo, sino de todos los continentes.<br \/>\n\u00abDonde no hay orden, \u00e9l solo se pone\u00bb, recuerdo que dec\u00eda un viejo profesor en clase cuando intentaba hacernos comprender  la entrop\u00eda y el segundo principio de la termodin\u00e1mica. El nacionalismo forma parte del proceso y supongo que potencia la deriva hacia el caos. Creo que es una especie de sarampi\u00f3n o enfermedad de las etapas de crecimiento, una fase que no podemos eludir. \u00bfQu\u00e9 hacer? Mirar hacia adelante y esperar a que escampe. <\/p>\n<!-- AddThis Advanced Settings generic via filter on the_content --><!-- AddThis Share Buttons generic via filter on the_content -->","protected":false},"excerpt":{"rendered":"<p>Dec\u00eda el escritor Seumas MacManus que hay tres cosas con las que conviene ser muy precavido: el casco de un caballo, el cuerno de un toro y la sonrisa de un ingl\u00e9s. Supongo que la tercera de las prevenciones ven\u00eda marcada por su condici\u00f3n de irland\u00e9s de nacimiento. \u00bfQui\u00e9n mejor que un irland\u00e9s para saber [&hellip;]<!-- AddThis Advanced Settings generic via filter on get_the_excerpt --><!-- AddThis Share Buttons generic via filter on get_the_excerpt --><\/p>\n","protected":false},"author":13,"featured_media":0,"comment_status":"open","ping_status":"closed","sticky":false,"template":"","format":"standard","meta":[],"categories":[1],"tags":[219,599,890,1070,1179],"_links":{"self":[{"href":"https:\/\/blogs.hoy.es\/Juandomingofernandez\/wp-json\/wp\/v2\/posts\/466"}],"collection":[{"href":"https:\/\/blogs.hoy.es\/Juandomingofernandez\/wp-json\/wp\/v2\/posts"}],"about":[{"href":"https:\/\/blogs.hoy.es\/Juandomingofernandez\/wp-json\/wp\/v2\/types\/post"}],"author":[{"embeddable":true,"href":"https:\/\/blogs.hoy.es\/Juandomingofernandez\/wp-json\/wp\/v2\/users\/13"}],"replies":[{"embeddable":true,"href":"https:\/\/blogs.hoy.es\/Juandomingofernandez\/wp-json\/wp\/v2\/comments?post=466"}],"version-history":[{"count":0,"href":"https:\/\/blogs.hoy.es\/Juandomingofernandez\/wp-json\/wp\/v2\/posts\/466\/revisions"}],"wp:attachment":[{"href":"https:\/\/blogs.hoy.es\/Juandomingofernandez\/wp-json\/wp\/v2\/media?parent=466"}],"wp:term":[{"taxonomy":"category","embeddable":true,"href":"https:\/\/blogs.hoy.es\/Juandomingofernandez\/wp-json\/wp\/v2\/categories?post=466"},{"taxonomy":"post_tag","embeddable":true,"href":"https:\/\/blogs.hoy.es\/Juandomingofernandez\/wp-json\/wp\/v2\/tags?post=466"}],"curies":[{"name":"wp","href":"https:\/\/api.w.org\/{rel}","templated":true}]}}