{"id":467,"date":"2014-08-01T17:24:47","date_gmt":"2014-08-01T16:24:47","guid":{"rendered":"http:\/\/blogs.hoy.es\/Juandomingofernandez\/?p=467"},"modified":"2014-08-01T17:24:47","modified_gmt":"2014-08-01T16:24:47","slug":"propositos-de-estio","status":"publish","type":"post","link":"https:\/\/blogs.hoy.es\/Juandomingofernandez\/2014\/08\/01\/propositos-de-estio\/","title":{"rendered":"Prop\u00f3sitos de est\u00edo"},"content":{"rendered":"<p>Antes de agosto casi siempre elaboraba una lista de libros para leer en el estadio mental \u2013m\u00e1s que periodo de tiempo\u2013 que son las vacaciones veraniegas. Dej\u00e9 de seleccionar lecturas por mala conciencia. Nunca consegu\u00eda terminar la serie de libros escogidos porque a mitad de trayecto, como en un jard\u00edn de senderos que se bifurcan, iban surgiendo nuevas tentaciones ante las que resultaba imposible no sucumbir. El encanto de las lecturas imprevistas.<br \/>\nEra un contrasentido porque me agobiaba la sensaci\u00f3n de haber desaprovechado el tiempo, igual que a los malos estudiantes les puede el desasosiego cuando comprueban que se aproxima un examen. Atrapado en la trampa de quien se pone el list\u00f3n m\u00e1s alto de la cuenta o de quien se marca tareas que exceden el placer del ocio y devienen en  obligaci\u00f3n, me consolaba a m\u00ed mismo con buenos prop\u00f3sitos: \u00abEl \u00faltimo a\u00f1o que selecciono lecturas estivales\u00bb, pensaba en voz alta. \u00abQue triunfe el azar&#8230;\u00bb. Y me pon\u00eda a buscar la sentencia de Borges: En la vida da tiempo a leer unos doscientos libros con provecho, lo importante es saber elegirlos. Ya lo har\u00e9&#8230;<br \/>\nDurante bastantes veranos convivieron en mis preferencias los libros de Azor\u00edn y las novelas polic\u00edacas de maestros como <a href=\"http:\/\/es.wikipedia.org\/wiki\/John_Dickson_Carr\" target=\"_blank\">John Dickson Carr<\/a>, <a href=\"http:\/\/www.casadellibro.com\/libro-hamlet-venganza\/9788466320160\/1152118\" target=\"_blank\">Michael Innes<\/a> o cualquiera de los que aparecieron en aquella inolvidable colecci\u00f3n de Selecciones del S\u00e9ptimo C\u00edrculo, Alianza Emec\u00e9, creada por Jorge Luis Borges y Adolfo Bioy Casares. Un tipo de historias \u2013incluidas las de Agatha Christie\u2013 a las que me aficion\u00e9 de joven y que representan para m\u00ed la lectura como puro placer, puro esparcimiento, la literatura como evasi\u00f3n. Sin necesidad de notas o subrayados.<br \/>\nEl verano son los libros de Azor\u00edn (siento fervor por sus art\u00edculos). Y durante todo el a\u00f1o, \u2018Las musara\u00f1as\u2019, de <a href=\"http:\/\/es.wikipedia.org\/wiki\/Jos%C3%A9_Antonio_Mu%C3%B1oz_Rojas\" target=\"_blank\">Jos\u00e9 Antonio Mu\u00f1oz Rojas<\/a> en la pulcra edici\u00f3n de Pre-Textos. Raro ser\u00e1 tambi\u00e9n que no relea algunas p\u00e1ginas de \u2018El cuaderno gris\u2019, de Pla. \u00bfLa poes\u00eda? Tengo cerca a los poetas, pero prefiero no dar nombres.<br \/>\nHe dicho que este a\u00f1o no voy a ponerme \u2018deberes\u2019, si bien tengo a mano un libro de Perif\u00e9rica: <a href=\"http:\/\/www.editorialperiferica.com\/?s=catalogo&#038;l=130\" target=\"_blank\">\u2018El escritor en su para\u00edso\u2019, de \u00c1ngel Esteban<\/a> y desde uno de los estantes de la librer\u00eda no dejan de retarme las m\u00e1s de 2.700 p\u00e1ginas de los cuatro tomos de otra obra aut\u00e9nticamente excepcional: las <a href=\"http:\/\/www.acantilado.es\/catalogo\/memorias-de-ultratumba-101.htm\" target=\"_blank\">\u2018Memorias de ultratumba\u2019, de Chateaubriand<\/a>.<br \/>\nHasta aqu\u00ed la conversaci\u00f3n sobre los libros. Pienso seguir diariamente la prensa, entre otras razones porque pertenezco a una generaci\u00f3n que necesita leer el peri\u00f3dico en papel y navegar alg\u00fan rato por las ediciones digitales. Estoy seguro de que con ambos ejercicios se dar\u00e1 por satisfecha mi curiosidad acerca de la realidad pol\u00edtica, econ\u00f3mica, social\u2026 y se ver\u00e1 confirmado, igualmente, mi descreimiento en la condici\u00f3n humana. As\u00ed que, bien pensado, me dar\u00e1 igual meter en la maleta novelas polic\u00edacas o de misterio, pues echando un vistazo a los peri\u00f3dicos es probable que tropiece con decenas de episodios propios de novela negra. La vida misma. Otra cosa es que sienta necesidad de poes\u00eda y de belleza que conmuevan, entonces s\u00ed tendr\u00e9 que acudir a los libros. <\/p>\n<!-- AddThis Advanced Settings generic via filter on the_content --><!-- AddThis Share Buttons generic via filter on the_content -->","protected":false},"excerpt":{"rendered":"<p>Antes de agosto casi siempre elaboraba una lista de libros para leer en el estadio mental \u2013m\u00e1s que periodo de tiempo\u2013 que son las vacaciones veraniegas. Dej\u00e9 de seleccionar lecturas por mala conciencia. Nunca consegu\u00eda terminar la serie de libros escogidos porque a mitad de trayecto, como en un jard\u00edn de senderos que se bifurcan, [&hellip;]<!-- AddThis Advanced Settings generic via filter on get_the_excerpt --><!-- AddThis Share Buttons generic via filter on get_the_excerpt --><\/p>\n","protected":false},"author":13,"featured_media":0,"comment_status":"open","ping_status":"closed","sticky":false,"template":"","format":"standard","meta":[],"categories":[1],"tags":[34,74,125,226,267,672,684,697,741,841,920,1014],"_links":{"self":[{"href":"https:\/\/blogs.hoy.es\/Juandomingofernandez\/wp-json\/wp\/v2\/posts\/467"}],"collection":[{"href":"https:\/\/blogs.hoy.es\/Juandomingofernandez\/wp-json\/wp\/v2\/posts"}],"about":[{"href":"https:\/\/blogs.hoy.es\/Juandomingofernandez\/wp-json\/wp\/v2\/types\/post"}],"author":[{"embeddable":true,"href":"https:\/\/blogs.hoy.es\/Juandomingofernandez\/wp-json\/wp\/v2\/users\/13"}],"replies":[{"embeddable":true,"href":"https:\/\/blogs.hoy.es\/Juandomingofernandez\/wp-json\/wp\/v2\/comments?post=467"}],"version-history":[{"count":0,"href":"https:\/\/blogs.hoy.es\/Juandomingofernandez\/wp-json\/wp\/v2\/posts\/467\/revisions"}],"wp:attachment":[{"href":"https:\/\/blogs.hoy.es\/Juandomingofernandez\/wp-json\/wp\/v2\/media?parent=467"}],"wp:term":[{"taxonomy":"category","embeddable":true,"href":"https:\/\/blogs.hoy.es\/Juandomingofernandez\/wp-json\/wp\/v2\/categories?post=467"},{"taxonomy":"post_tag","embeddable":true,"href":"https:\/\/blogs.hoy.es\/Juandomingofernandez\/wp-json\/wp\/v2\/tags?post=467"}],"curies":[{"name":"wp","href":"https:\/\/api.w.org\/{rel}","templated":true}]}}