{"id":491,"date":"2014-10-17T20:49:12","date_gmt":"2014-10-17T19:49:12","guid":{"rendered":"http:\/\/blogs.hoy.es\/Juandomingofernandez\/?p=491"},"modified":"2014-10-17T20:49:12","modified_gmt":"2014-10-17T19:49:12","slug":"escapadas","status":"publish","type":"post","link":"https:\/\/blogs.hoy.es\/Juandomingofernandez\/2014\/10\/17\/escapadas\/","title":{"rendered":"Escapadas"},"content":{"rendered":"<p>Cuenta Alonso Zamora Vicente en su libro \u2018Primeras hojas\u2019 c\u00f3mo un personaje se enfurru\u00f1a y un buen d\u00eda decide irse de casa. \u2018Escapada\u2019 se titula el cap\u00edtulo. \u00abEn una bolsa de tela puse, escogi\u00e9ndolos, unos calcetines y un pa\u00f1uelo, y el metro met\u00e1lico que se cerraba a manivela\u00bb. Episodio propio de la ni\u00f1ez. A m\u00ed me llama la atenci\u00f3n el escu\u00e1lido equipaje con que se marcha el personaje y en especial ese metro met\u00e1lico \u00abque se cerraba a manivela\u00bb y que deb\u00eda de ser, primer tercio del siglo XX, un verdadero prodigio para la \u00e9poca. Tesoro sentimental para su due\u00f1o. Cuando yo era joven, un amigo tambi\u00e9n protagoniz\u00f3 una fuga de casa. Su escapada le llev\u00f3 algo m\u00e1s lejos que al personaje de Zamora Vicente, que apenas deambul\u00f3 durante varias horas alrededor de su barrio. Mi amigo, viajando como poliz\u00f3n en un autob\u00fas, consigui\u00f3 llegar a otra ciudad alejada cientos de kil\u00f3metros de la suya. A los amigos nos sorprendi\u00f3 m\u00e1s que la escapada en s\u00ed, el hecho de que portaba como \u00fanico equipaje un viejo despertador de cuerda del tama\u00f1o de un taz\u00f3n de desayuno&#8230; En realidad aquella escapada nos pareci\u00f3 extraordinaria, legendaria, sobre todo por el despertador. \u00bfPara qu\u00e9 necesitaba un adolescente rebelde y airado aquel objeto? \u00bfAcaso para mantener una \u00faltima conexi\u00f3n directa, mec\u00e1nica, con el orden y la disciplina de la que parec\u00eda escapar? Nosotros nunca lo supimos. Ni nos atrevimos a pregunt\u00e1rselo. \u00c9l simplemente nos explic\u00f3, al regreso, que el despertador hab\u00eda sido su \u00fanico compa\u00f1ero de viaje y que en ning\u00fan momento lo perdi\u00f3 de vista.<br \/>\nLas cosas han evolucionado. Supongo que los ni\u00f1os siguen expresando su rebeld\u00eda pero ahora en vez de dar un portazo y correr a la calle para escaparse de quienes les llevan la contraria, se encierran en el \u2018territorio libre\u2019 de su habitaci\u00f3n y se refugian en la realidad virtual del ordenador, del tel\u00e9fono m\u00f3vil o de la tableta digital. Un espacio, por desgracia, m\u00e1s peligroso que las azarosas calles de anteayer. Escapar sin salir de casa.<br \/>\nSi hablamos de j\u00f3venes ya es otro cantar. Sus escapadas no son fruto de conflictos generacionales sino hijas de la necesidad. Y no escapan temporalmente, sino que se ven abocados a dejar su casa en busca de un futuro que les regatea la propia tierra. Es verdad que no marchan con la maleta de cart\u00f3n  como sus padres o sus abuelos, se van con un titulo universitario bajo el brazo y la esperanza con hambre de futuro. Gente joven afectada por lo que la ministra B\u00e1\u00f1ez llamar\u00eda \u00abmovilidad exterior\u00bb o por lo que la secretaria general de Inmigraci\u00f3n y Emigraci\u00f3n, Marina del Corral, atribuy\u00f3 al \u00abimpulso aventurero\u00bb, en vez de a la cruda necesidad de un puesto de trabajo. Las escapadas de esos j\u00f3venes, dec\u00eda, no inquietan por dirigirse a lugares ignotos, sino por parecer inevitables y multiplicarse como una maldici\u00f3n. En casi todos los pueblos y en casi todas las ciudades de Extremadura. Por suerte, los j\u00f3venes no tienen que cargar con ning\u00fan reloj despertador. Les basta el calendario perpetuo y el GPS del m\u00f3vil por si en alg\u00fan instante la palabra regreso representa algo m\u00e1s que una palabra y cobra sentido.<\/p>\n<!-- AddThis Advanced Settings generic via filter on the_content --><!-- AddThis Share Buttons generic via filter on the_content -->","protected":false},"excerpt":{"rendered":"<p>Cuenta Alonso Zamora Vicente en su libro \u2018Primeras hojas\u2019 c\u00f3mo un personaje se enfurru\u00f1a y un buen d\u00eda decide irse de casa. \u2018Escapada\u2019 se titula el cap\u00edtulo. \u00abEn una bolsa de tela puse, escogi\u00e9ndolos, unos calcetines y un pa\u00f1uelo, y el metro met\u00e1lico que se cerraba a manivela\u00bb. Episodio propio de la ni\u00f1ez. A m\u00ed [&hellip;]<!-- AddThis Advanced Settings generic via filter on get_the_excerpt --><!-- AddThis Share Buttons generic via filter on get_the_excerpt --><\/p>\n","protected":false},"author":13,"featured_media":0,"comment_status":"open","ping_status":"closed","sticky":false,"template":"","format":"standard","meta":[],"categories":[1],"tags":[59,394,400,456,518,721,1298],"_links":{"self":[{"href":"https:\/\/blogs.hoy.es\/Juandomingofernandez\/wp-json\/wp\/v2\/posts\/491"}],"collection":[{"href":"https:\/\/blogs.hoy.es\/Juandomingofernandez\/wp-json\/wp\/v2\/posts"}],"about":[{"href":"https:\/\/blogs.hoy.es\/Juandomingofernandez\/wp-json\/wp\/v2\/types\/post"}],"author":[{"embeddable":true,"href":"https:\/\/blogs.hoy.es\/Juandomingofernandez\/wp-json\/wp\/v2\/users\/13"}],"replies":[{"embeddable":true,"href":"https:\/\/blogs.hoy.es\/Juandomingofernandez\/wp-json\/wp\/v2\/comments?post=491"}],"version-history":[{"count":0,"href":"https:\/\/blogs.hoy.es\/Juandomingofernandez\/wp-json\/wp\/v2\/posts\/491\/revisions"}],"wp:attachment":[{"href":"https:\/\/blogs.hoy.es\/Juandomingofernandez\/wp-json\/wp\/v2\/media?parent=491"}],"wp:term":[{"taxonomy":"category","embeddable":true,"href":"https:\/\/blogs.hoy.es\/Juandomingofernandez\/wp-json\/wp\/v2\/categories?post=491"},{"taxonomy":"post_tag","embeddable":true,"href":"https:\/\/blogs.hoy.es\/Juandomingofernandez\/wp-json\/wp\/v2\/tags?post=491"}],"curies":[{"name":"wp","href":"https:\/\/api.w.org\/{rel}","templated":true}]}}