{"id":494,"date":"2014-11-07T12:00:16","date_gmt":"2014-11-07T11:00:16","guid":{"rendered":"http:\/\/blogs.hoy.es\/Juandomingofernandez\/?p=494"},"modified":"2014-11-07T12:00:16","modified_gmt":"2014-11-07T11:00:16","slug":"decalogo-urgente-para-situaciones-de-crisis","status":"publish","type":"post","link":"https:\/\/blogs.hoy.es\/Juandomingofernandez\/2014\/11\/07\/decalogo-urgente-para-situaciones-de-crisis\/","title":{"rendered":"Dec\u00e1logo urgente para situaciones de crisis"},"content":{"rendered":"<p>UN amigo aficionado a reflexionar sobre la pol\u00edtica espa\u00f1ola ha elaborado un dec\u00e1logo relativo a Podemos. En vez de aburrirles resumiendo torpemente sus razonamientos, lo reproduzco \u00edntegro a continuaci\u00f3n.<br \/>\n1.-Casi siempre, las elecciones las gana quien consigue atraerse al \u2018centro sociol\u00f3gico\u2019, integrado mayoritariamente por una clase media que igual vota, seg\u00fan las circunstancias, a partidos de izquierda o de derecha.<br \/>\n2.-A medida que la democracia se ha ido asentando, es m\u00e1s determinante a la hora del voto \u2018castigar\u2019 al que lo ha hecho mal que \u2018premiar\u2019 a la oposici\u00f3n.<br \/>\n3.- Cuando un pa\u00eds es pr\u00f3spero y tiene perspectivas de futuro, a casi todos les parece absurdo pretender \u2018socializar\u2019 la pobreza.<br \/>\n4.- Cuando un pa\u00eds deja de ser pr\u00f3spero y la pobreza castiga no solo a una generaci\u00f3n sino seguramente a dos m\u00e1s, las opciones moderadas pierden peso, se extiende la percepci\u00f3n de \u00abpeor que estos, imposible\u00bb y en consecuencia crece el convencimiento de que quien quiera que venga lo har\u00e1 mejor.<br \/>\n5.- Si la clase media es golpeada por la crisis y se dispara el n\u00famero de pobres (jubilados manteniendo a toda la familia&#8230;) las opciones que prometen \u2018cambios\u2019 reales tienen serias opciones de arrasar en las urnas.<br \/>\n6.-Con las despensas vac\u00edas y las perspectivas individuales (no macroecon\u00f3micas) muy negras a corto y a medio plazo, hasta las sensatas clases medias prefieren esperanzarse con algo nuevo que persistir en el error y la inanici\u00f3n.<br \/>\n7.-Los argumentos del tipo \u00ab\u00a1que viene el lobo, que viene el lobo!\u00bb son poco efectivos para quienes han visto c\u00f3mo los lobos aut\u00e9nticos llevan tiempo zamp\u00e1ndose al reba\u00f1o  con ostentaci\u00f3n y adem\u00e1s con impunidad.<br \/>\n 8.-La corrupci\u00f3n en las capas pol\u00edticas dirigentes es el uranio enriquecido que alimenta \u2018reactores pol\u00edticos\u2019 como Podemos u otras opciones alternativas que \u2013sin necesidad de violencia ni de transgredir el actual marco democr\u00e1tico\u2013 est\u00e1n dispuestas a trabajar por un futuro mejor para los espa\u00f1oles.<br \/>\n9.-El da\u00f1o de la corrupci\u00f3n es tan escandaloso que no solo dinamita la credibilidad de los dirigentes \u2018contaminados\u2019 sino que los ha cegado hasta el extremo de no reparar en la inmoralidad de su proceder. Por eso casi todos se limitan a pedir perd\u00f3n mientras que la sociedad exige antes que las simples disculpas la restituci\u00f3n del dinero.<br \/>\n10.- Si el nivel de enfado con los pol\u00edticos y responsables de la corrupci\u00f3n crece excesivamente, las honradas clases medias pueden sentirse dominadas por el &#8216;s\u00edndrome Sans\u00f3n&#8217;, por el convencimiento de que llegados a este punto, lo mejor es cargarse el templo y \u00abmueran Sans\u00f3n y todos los filisteos\u00bb.<br \/>\nHasta aqu\u00ed el dec\u00e1logo de mi amigo. Algunos postulados parecen de validez intemporal y otros muy circunscritos al momento presente. Yo no tengo ning\u00fan temor a Podemos. Temo mucho m\u00e1s a quienes le temen. Y temo sobre todo la ira del espa\u00f1ol sentado, que dec\u00eda Lope. Un pueblo, el nuestro, veterano en pegar patadas a sus propios demonios en nuestros propios traseros. <\/p>\n<!-- AddThis Advanced Settings generic via filter on the_content --><!-- AddThis Share Buttons generic via filter on the_content -->","protected":false},"excerpt":{"rendered":"<p>UN amigo aficionado a reflexionar sobre la pol\u00edtica espa\u00f1ola ha elaborado un dec\u00e1logo relativo a Podemos. En vez de aburrirles resumiendo torpemente sus razonamientos, lo reproduzco \u00edntegro a continuaci\u00f3n. 1.-Casi siempre, las elecciones las gana quien consigue atraerse al \u2018centro sociol\u00f3gico\u2019, integrado mayoritariamente por una clase media que igual vota, seg\u00fan las circunstancias, a partidos [&hellip;]<!-- AddThis Advanced Settings generic via filter on get_the_excerpt --><!-- AddThis Share Buttons generic via filter on get_the_excerpt --><\/p>\n","protected":false},"author":13,"featured_media":0,"comment_status":"open","ping_status":"closed","sticky":false,"template":"","format":"standard","meta":[],"categories":[1],"tags":[287,390,422,518,875,990,1009,1015],"_links":{"self":[{"href":"https:\/\/blogs.hoy.es\/Juandomingofernandez\/wp-json\/wp\/v2\/posts\/494"}],"collection":[{"href":"https:\/\/blogs.hoy.es\/Juandomingofernandez\/wp-json\/wp\/v2\/posts"}],"about":[{"href":"https:\/\/blogs.hoy.es\/Juandomingofernandez\/wp-json\/wp\/v2\/types\/post"}],"author":[{"embeddable":true,"href":"https:\/\/blogs.hoy.es\/Juandomingofernandez\/wp-json\/wp\/v2\/users\/13"}],"replies":[{"embeddable":true,"href":"https:\/\/blogs.hoy.es\/Juandomingofernandez\/wp-json\/wp\/v2\/comments?post=494"}],"version-history":[{"count":0,"href":"https:\/\/blogs.hoy.es\/Juandomingofernandez\/wp-json\/wp\/v2\/posts\/494\/revisions"}],"wp:attachment":[{"href":"https:\/\/blogs.hoy.es\/Juandomingofernandez\/wp-json\/wp\/v2\/media?parent=494"}],"wp:term":[{"taxonomy":"category","embeddable":true,"href":"https:\/\/blogs.hoy.es\/Juandomingofernandez\/wp-json\/wp\/v2\/categories?post=494"},{"taxonomy":"post_tag","embeddable":true,"href":"https:\/\/blogs.hoy.es\/Juandomingofernandez\/wp-json\/wp\/v2\/tags?post=494"}],"curies":[{"name":"wp","href":"https:\/\/api.w.org\/{rel}","templated":true}]}}